{"id":742,"date":"2009-02-14T23:19:20","date_gmt":"2009-02-14T22:19:20","guid":{"rendered":"http:\/\/caravaning.si\/freelander\/?p=742"},"modified":"2013-11-13T13:40:19","modified_gmt":"2013-11-13T12:40:19","slug":"sesto-sexten-v-dolomitih","status":"publish","type":"post","link":"http:\/\/caravaning.si\/freelander\/?p=742","title":{"rendered":"Sesto-Sexten v Dolomitih"},"content":{"rendered":"<p class=\"MsoNormal\" style=\"margin: 0cm 0cm 0pt\"><strong><span style=\"font-family: Verdana;font-size: 14pt\"><a href=\"http:\/\/caravaning.si\/freelander\/files\/2009\/02\/dsc00402.jpg\"><\/a><\/span><\/strong><\/p>\n<p class=\"MsoNormal\" style=\"margin: 0cm 0cm 0pt\"><strong><span style=\"font-family: Verdana;font-size: 14pt\"><a href=\"http:\/\/caravaning.si\/freelander\/files\/2009\/02\/dsc00440.jpg\"><\/a><\/span><\/strong><\/p>\n<div><strong><\/strong><\/div>\n<div><strong><\/strong><\/div>\n<div><strong><\/strong><\/div>\n<div><strong><span style=\"font-family: Verdana;font-size: 14pt\"><strong><\/strong><\/span><\/strong><\/div>\n<div><\/div>\n<div><span style=\"font-family: Verdana\"><span style=\"font-size: small\">Po planu gremo za par dni v Sesto-Sexten 46.701054,12.347817 <\/span><a href=\"http:\/\/en.wikipedia.org\/wiki\/Sexten\"><span style=\"font-size: small\">http:\/\/en.wikipedia.org\/wiki\/Sexten<\/span><\/a><span style=\"font-size: small\"> <\/span><\/span><\/div>\n<div><strong>\u00a0<\/strong><\/div>\n<div class=\"mceTemp\"><span style=\"font-family: Verdana\"><span style=\"font-size: small\"><\/p>\n<div id=\"attachment_81\" class=\"wp-caption alignnone\" style=\"width: 600px\"><a href=\"http:\/\/caravaning.si\/freelander\/files\/2009\/02\/dsc00402.jpg\"><img loading=\"lazy\" decoding=\"async\" class=\"size-medium wp-image-81\" src=\"http:\/\/caravaning.si\/freelander\/files\/2009\/02\/dsc00402-600x450.jpg\" alt=\"Zimska idila\" width=\"600\" height=\"450\" \/><\/a><p class=\"wp-caption-text\">Zimska idila<\/p><\/div>\n<div><span style=\"font-size: small\">\u00a0<\/span><\/div>\n<div><span style=\"font-size: small\"><span style=\"font-family: Verdana\"><span style=\"font-family: Verdana\"><span style=\"font-size: small\">Zakaj dvojno ime Sesto Sexten? <\/span><\/span><\/span><\/span><\/div>\n<p><span style=\"font-size: small\">\u00a0<\/p>\n<p><\/span><\/p>\n<p>\u00a0<\/p>\n<p><\/span>\u00a0<\/p>\n<p><\/span><\/div>\n<p class=\"MsoNormal\" style=\"margin: 0cm 0cm 0pt\"><span style=\"font-family: Verdana\"><span style=\"font-size: small\">Zato ker je to dvojezi\u010dni predel Italije, v glavnem Nem\u0161ko govore\u010dih prebivalcev, ki nikakor ne morejo pozabiti svojih Avstrijskih korenin. \u010clovek dobi ob\u010dutek, da v Italijan\u0161\u010dini raje ne odgovarjajo, \u010de pa \u017ee pa v te\u017eko razumljivi. Sesto\u00a0nudi zimske radosti na Monte Elmu in na Monte Croda Rossa. Smu\u010di\u0161\u010di zaenkrat \u0161e nista neposredno povezani, zato pa je med njima bus shuttle povezava.<\/span><\/span><\/p>\n<p class=\"MsoNormal\" style=\"margin: 0cm 0cm 0pt\">\n<div class=\"MsoNormal\" style=\"margin: 0cm 0cm 0pt\"><span style=\"font-family: Verdana\"><span style=\"font-size: small\">\u00a0<\/span><\/span><\/div>\n<div><\/div>\n<div><span style=\"font-family: Verdana\"><\/span><\/div>\n<p><span style=\"font-family: Verdana\"><span style=\"font-size: small\"><\/p>\n<div id=\"attachment_82\" class=\"wp-caption alignnone\" style=\"width: 600px\"><a href=\"http:\/\/caravaning.si\/freelander\/files\/2009\/02\/dsc00415.jpg\"><img loading=\"lazy\" decoding=\"async\" class=\"size-medium wp-image-82\" src=\"http:\/\/caravaning.si\/freelander\/files\/2009\/02\/dsc00415-600x450.jpg\" alt=\"Zimska idila \u0161e enkrat\" width=\"600\" height=\"450\" \/><\/a><p class=\"wp-caption-text\">Zimska idila \u0161e enkrat<\/p><\/div>\n<div><\/div>\n<p><span style=\"font-size: small\"><\/p>\n<div><span style=\"font-family: Verdana\"><strong><\/strong><\/span><\/div>\n<div><span style=\"font-family: Verdana\"><strong><span style=\"font-family: Verdana\"><span style=\"font-size: small\">Kje smo spali?<\/span><\/span><\/strong><\/span><\/div>\n<div><span style=\"font-family: Verdana\">\u00a0<\/span><\/div>\n<p><\/span><\/span><span style=\"font-family: Verdana\">\u00a0<\/p>\n<p><\/span><\/span>\n<\/p>\n<p class=\"MsoNormal\" style=\"margin: 0cm 0cm 0pt\"><span style=\"font-family: Verdana\"><span style=\"font-size: small\">Na \u00bb\u0161telplacu\u00ab v bli\u017enjem kampu <strong>46.666785,12.400337.<\/strong>\u00a0<\/span><\/span><span style=\"font-family: Verdana\"><span style=\"font-size: small\">Nekaj no\u010di pa smo prespali v neposredni bli\u017eini jaj\u010dk (100m), ki vozijo na Monte Croda Rossa. <strong>46.682633,12.363435,<\/strong> parkiri\u0161\u010de je zastonj, omejeno na 24 ur, kar pa nih\u010de ne kontrolira. Parking je ob cesti vendar prometa po 17ih prakti\u010dno ni, zato je preno\u010ditev mirna.<\/span><\/span><\/p>\n<div><\/div>\n<div><span style=\"font-family: Verdana\"><\/span><\/div>\n<p><span style=\"font-family: Verdana\"><span style=\"font-size: small\"><\/p>\n<div id=\"attachment_78\" class=\"wp-caption alignnone\" style=\"width: 600px\"><a href=\"http:\/\/caravaning.si\/freelander\/files\/2009\/02\/dsc00444.jpg\"><img loading=\"lazy\" decoding=\"async\" class=\"size-medium wp-image-78\" src=\"http:\/\/caravaning.si\/freelander\/files\/2009\/02\/dsc00444-600x450.jpg\" alt=\"Parking pod gondolo na Croda Rosso\" width=\"600\" height=\"450\" \/><\/a><p class=\"wp-caption-text\">Parking pod gondolo na Croda Rosso<\/p><\/div>\n<p>\u00a0<\/p>\n<p>\u00a0<\/p>\n<p>\u00a0<\/p>\n<p><\/span><\/span><\/p>\n<p class=\"MsoNormal\" style=\"margin: 0cm 0cm 0pt\"><span style=\"font-family: Verdana\"><span style=\"font-size: small\">Kar nekaj avtodomarjev je preno\u010dilo na lokaciji <strong>46.696667,12.356553 <\/strong>v bli\u017eini vzpenja\u010de na Monte Elmo, vendar no\u010ditve na tem parkiri\u0161\u010du ne priporo\u010dam, saj se nahaja tik ob glavni cesti za Brunico, ki pa je zelo prometna. Parkiri\u0161\u010de je uporabno \u010dez dan saj je le korak od vzpenja\u010d.<\/span><\/span><\/p>\n<p class=\"MsoNormal\" style=\"margin: 0cm 0cm 0pt\"><span style=\"font-family: Verdana\"><span style=\"font-size: small\">Na ostalih lokacijah so bile postavljene vi\u0161inske rampe ali znaki prepovedi kampiranja in preno\u010devanja zato sre\u010de na teh pozicijah nismo preizku\u0161ali.<\/span><\/span><\/p>\n<p class=\"MsoNormal\" style=\"margin: 0cm 0cm 0pt\"><span style=\"font-family: Verdana\"><span style=\"font-size: small\"><span style=\"font-family: Lucida Sans Unicode\"><strong>Kaj smo po\u010deli&#8230;<\/strong><\/span><\/span><\/span><\/p>\n<p class=\"MsoNormal\" style=\"margin: 0cm 0cm 0pt\"><span style=\"font-family: Verdana\"><span style=\"font-size: small\">Pre\u017eiveli smo pet zimskih avtodomarskih dni. Po dnevi smo v glavnem smu\u010dali, v torek pa je sne\u017eilo zato smo priliko izkoristili za namakanje v bazenu. Do sedaj je to bil zame eden najlep\u0161ih bazenskih kompleksov kar sem jih videl in\u00a0ker smo\u00a0 bazen\u00a0obiskali \u017ee ob 12ih prakti\u010dno ni bilo gu\u017eve tja do 16ih, nakar se je napolnilo s kri\u010de\u010dimi Italijani.<\/span><\/span><\/p>\n<p class=\"MsoNormal\" style=\"margin: 0cm 0cm 0pt\">\u00a0<\/p>\n<div id=\"attachment_104\" class=\"wp-caption alignnone\" style=\"width: 600px\"><a href=\"http:\/\/caravaning.si\/freelander\/files\/2009\/02\/dsc00449.jpg\"><\/a><a href=\"http:\/\/caravaning.si\/freelander\/files\/2009\/02\/dsc00449.jpg\"><img loading=\"lazy\" decoding=\"async\" class=\"size-medium wp-image-104\" src=\"http:\/\/caravaning.si\/freelander\/files\/2009\/02\/dsc00449-600x450.jpg\" alt=\"Uuuu bazen\" width=\"600\" height=\"450\" \/><\/a>\u00a0<p class=\"wp-caption-text\">Uuuu bazen<\/p><\/div>\n<p class=\"MsoNormal\" style=\"margin: 0cm 0cm 0pt\"><span style=\"font-family: Verdana\"><span style=\"font-size: small\">Ne morem pozabiti na\u0161ega malega smu\u010darja, ki je v trenutku nepazljivosti sicer izku\u0161enega u\u010ditelja smu\u010danja Alda, smuknil mimo njega in v treh perfektnih carving zavojih zaklju\u010dil svojo avanturo med hi\u0161icami na izteku smu\u010di\u0161\u010da. \u0160e dobro da ni bilo ljudi, ker je na koncu imel \u017ee blazno hitrost in ob morebitnem padcu bi bile posledice&#8230; si ne predstavljam. Z mamo sva skoraj do\u017eivela infarkt, pa tudi Aldo je imel malce ve\u010djo cirkulacijo.<\/span><\/span><\/p>\n<p class=\"MsoNormal\" style=\"margin: 0cm 0cm 0pt\">\u00a0<\/p>\n<div id=\"attachment_95\" class=\"wp-caption alignnone\" style=\"width: 600px\"><a href=\"http:\/\/caravaning.si\/freelander\/files\/2009\/02\/dsc00466.jpg\"><img loading=\"lazy\" decoding=\"async\" class=\"size-medium wp-image-95\" src=\"http:\/\/caravaning.si\/freelander\/files\/2009\/02\/dsc00466-600x450.jpg\" alt=\"Aldo, ne mi te\u017eit, js obvladam...\" width=\"600\" height=\"450\" \/><\/a><p class=\"wp-caption-text\">Aldo, ne mi te\u017eit, js obvladam...<\/p><\/div>\n<p class=\"MsoNormal\" style=\"margin: 0cm 0cm 0pt\"><span style=\"font-family: Verdana\"><span style=\"font-size: small\">Glede na to da so bile no\u010di jasne in je zunanji termometer pokazal tudi na -19, avtodom zjutraj ob zagonu ni bil sli\u0161ati prav sre\u010den, sicer pa so dnevne temperature zadostovale za normalno zimsko smu\u010darijo.<\/span><\/span><\/p>\n<p class=\"MsoNormal\" style=\"margin: 0cm 0cm 0pt\"><span style=\"font-family: Verdana;font-size: small\">Na vrhu Crode Rosse se prosto sprehajao jeleni in moja vsiljivost je bila za jelenov ego preve\u010d, zato me je previdno sunil. Kaj kmalu sem spoznal, da z mano meri mo\u010di zato je bila edina logi\u010dna poteza, pobeg!<\/span><\/p>\n<div class=\"MsoNormal\" style=\"margin: 0cm 0cm 0pt\"><span style=\"font-family: Verdana\"><span style=\"font-size: small\">\u00a0<\/span><\/span><\/div>\n<div id=\"attachment_89\" class=\"wp-caption alignnone\" style=\"width: 600px\"><a href=\"http:\/\/caravaning.si\/freelander\/files\/2009\/02\/dsc00440.jpg\"><img loading=\"lazy\" decoding=\"async\" class=\"size-medium wp-image-89\" src=\"http:\/\/caravaning.si\/freelander\/files\/2009\/02\/dsc00440-600x450.jpg\" alt=\"Kdo bo koga se itak ve!\" width=\"600\" height=\"450\" \/><\/a><p class=\"wp-caption-text\">Kdo bo koga se itak ve!<\/p><\/div>\n<div><span style=\"font-family: Verdana\"><span style=\"font-size: small\"><span style=\"font-size: small\"><strong><\/strong><\/span><\/span><\/span><\/div>\n<div><span style=\"font-family: Verdana\"><span style=\"font-size: small\"><span style=\"font-size: small\"><strong><\/strong><\/span><\/span><\/span><\/div>\n<div><span style=\"font-family: Verdana\"><span style=\"font-size: small\"><span style=\"font-size: small\"><strong><span style=\"font-family: Verdana\">Kraj\u0161i opis kampa\u2026<\/span><\/strong><span style=\"font-family: Verdana\"> <a href=\"http:\/\/www.caravanparksexten.it\/\">http:\/\/www.caravanparksexten.it<\/a><\/span><\/span><\/span><\/span><\/div>\n<div><span style=\"font-family: Verdana\"><span style=\"font-size: small\"><span style=\"font-size: small\"><span style=\"font-family: Verdana\"><span style=\"font-size: small\">Kamp ima recepcijo, cca 150 parcel, \u00bb\u0161telplac za 25 vozil, manj\u0161o gostilno, mini market, ki je kar dobro zalo\u017een, ve\u010d kopalnic in wc-jev v rustikalnem stilu in zanimiv manj\u0161i bazenski kompleks z SPA in savno. Vstopnina za bazen je za odrasle 6 eur, vstop je \u010dasovno neomejen. Priporo\u010dam vstop v dnevnih urah, ko so ljudje na smu\u010di\u0161\u010dih in je zato bazen prakti\u010dno prazen. Za peti\u010dne goste nudijo proti pla\u010dilu uporabo privatne kopalnice z jacuzzi-jem. Posebnost privatne kopalnice je, da je postavljena visoko na drevo.<\/span><\/span><\/span><\/span><\/span><\/div>\n<p class=\"MsoNormal\" style=\"margin: 0cm 0cm 0pt\">\n<p class=\"MsoNormal\" style=\"margin: 0cm 0cm 0pt\"><span style=\"font-family: Verdana\"><span style=\"font-size: small\">Stro\u0161ek za \u00bb\u0161telplac\u00abje bil v \u010dasu na\u0161ega obiska 22 eur\/no\u010d, stro\u0161ek za parcelo pa okoli 40 eur\/no\u010d. Izbrali smo kar \u00bb\u0161telplac\u00ab za kar nudijo vodo, elektriko, praznjenje odpadnih voda in uporabo ogrevanih sanitarij, tu\u0161ev itd. <\/span><\/span><\/p>\n<p class=\"MsoNormal\" style=\"margin: 0cm 0cm 0pt\"><span style=\"font-family: Verdana\"><span style=\"font-size: small\">Kdor nima avtodoma ali prikolice in bi vseeno rad poizkusil kampirati v zimskem \u010dasu, v kampu nudijo izposojo kamp prikolic za ceno 66 eur\/no\u010d. Nekaj prikolic je bilo najetih.<\/span><\/span><\/p>\n<div><\/div>\n<div><span style=\"font-family: Verdana\"><span style=\"font-family: Verdana\">\u00a0<\/span><\/span><\/div>\n<p><span style=\"font-family: Verdana\"><span style=\"font-family: Verdana\">\u00a0<\/p>\n<p><\/span><\/span><\/p>\n<p class=\"MsoNormal\" style=\"margin: 0cm 0cm 0pt\">\n<div class=\"MsoNormal\" style=\"margin: 0cm 0cm 0pt\"><span style=\"font-family: Verdana\"><span style=\"font-size: small\"><strong><span style=\"font-family: Verdana\">Kaj si lahko obetamo\u2026<\/span><\/strong><\/span><\/span><\/div>\n<div><\/div>\n<p><span style=\"font-family: Verdana\"><\/p>\n<p class=\"MsoNormal\" style=\"margin: 0cm 0cm 0pt\">\n<p class=\"MsoNormal\" style=\"margin: 0cm 0cm 0pt\">\n<p class=\"MsoNormal\" style=\"margin: 0cm 0cm 0pt\"><span style=\"font-family: Verdana\"><span style=\"font-size: small\">&#8211; 28 smu\u010darskih naprav in 54 km smu\u010darskih prog, najdalj\u0161a proga je dolga okoli 6 km. Smu\u010di\u0161\u010da imajo kar sodobne naprave, le par sede\u017enic je skoraj povozil \u010das. Smu\u010di\u0161\u010da so primerna tako za dobre smu\u010darje, kot za tiste z manj kilometrine. Osebno ocenjujem, da je tu primerno za dru\u017eine z malimi otroci. Za tiste bolj zahtevne obstajajo druge destinacije, \u010deprav se tudi tukaj, da pre\u017eiveti dan ali dva, tri. Cena enodnevne smu\u010darske karte je 35 eur, dvodnevne 67 eur in \u0161estdnevne 181 eur, lahko tudi na pike 30, 60 eur. <strong>Posebnost:<\/strong> ob nakupu enodnevne smu\u010darske karte za odraslo osebo, otroku ne glede na starost zara\u010dunajo polovi\u010dko.<\/span><\/span><\/p>\n<p class=\"MsoNormal\" style=\"margin: 0cm 0cm 0pt\"><span style=\"font-family: Verdana\"><span style=\"font-size: small\">-\u0160ola smu\u010danja, cena individualne ure 33 eur, v skupinah smo videli kar nekaj Slovenskih otrok, cena te\u010daja mi \u017eal ni znana.<strong><\/strong><\/span><\/span><\/p>\n<p class=\"MsoNormal\" style=\"margin: 0cm 0cm 0pt\"><span style=\"font-family: Verdana\"><span style=\"font-size: small\">&#8211; Iz vrha smu\u010di\u0161\u010da Monte Croda Rossa je speljana sanka\u0161ka proga v dol\u017eini 5 km, stro\u0161ek najema sank 3 eur\/h, vzpon z vzpenja\u010do in veljavno smu\u010darsko karto. V uri naredi\u0161 dve vo\u017enji.<\/span><\/span><\/p>\n<p class=\"MsoNormal\" style=\"margin: 0cm 0cm 0pt\"><span style=\"font-family: Verdana\"><span style=\"font-size: small\">&#8211; Videti je bilo ve\u010d prog za tek na smu\u010deh.<\/span><\/span><\/p>\n<p class=\"MsoNormal\" style=\"margin: 0cm 0cm 0pt\"><span style=\"font-family: Verdana\"><span style=\"font-size: small\">&#8211; Bazen v kampu caravanpark, ki je na voljo vsem tudi zunanjim gostom in ne samo koristnikom kamperskih uslug.<\/span><\/span><\/p>\n<p class=\"MsoNormal\" style=\"margin: 0cm 0cm 0pt\"><span style=\"font-family: Verdana\"><span style=\"font-size: small\">&#8211; V poletnem \u010dasu veliko pohodni\u0161kih poti, v bli\u017eini tudi izvir reke Drave, zunanji muzej obeh svetovnih vojn&#8230;.<\/span><\/span><\/p>\n<p class=\"MsoNormal\" style=\"margin: 0cm 0cm 0pt\"><span style=\"font-family: Verdana\"><span style=\"font-size: small\">\u00a0<\/span><\/span><span style=\"font-family: Verdana\"><span style=\"font-size: small\">\u00a0<\/span><\/span><\/p>\n<p class=\"MsoNormal\" style=\"margin: 0cm 0cm 0pt\"><span style=\"font-family: Verdana\"><span style=\"font-size: small\">Stro\u0161ki:<\/span><\/span><\/p>\n<p class=\"MsoNormal\" style=\"margin: 0cm 0cm 0pt\"><span style=\"font-family: Verdana\"><span style=\"font-size: small\">Avtocesta Monfalcone- Tolmezzo 10 eur<\/span><\/span><\/p>\n<p class=\"MsoNormal\" style=\"margin: 0cm 0cm 0pt\"><span style=\"font-family: Verdana\"><span style=\"font-size: small\">\u0160telplac 66 eur<\/span><\/span><\/p>\n<p class=\"MsoNormal\" style=\"margin: 0cm 0cm 0pt\"><span style=\"font-family: Verdana\"><span style=\"font-size: small\">Bazen 15 eur<\/span><\/span><\/p>\n<p class=\"MsoNormal\" style=\"margin: 0cm 0cm 0pt\"><span style=\"font-family: Verdana\"><span style=\"font-size: small\">Smu\u010darske karte 177 eur<\/span><\/span><\/p>\n<p class=\"MsoNormal\" style=\"margin: 0cm 0cm 0pt\"><span style=\"font-family: Verdana\"><span style=\"font-size: small\">Prevozili smo cca 500km.<\/span><\/span><\/p>\n<p>\u00a0<\/p>\n<p>\u00a0<\/p>\n<p>\u00a0<\/p>\n<p>\u00a0<\/p>\n<p>\u00a0<\/p>\n<p>\u00a0<\/p>\n<p>\u00a0<\/p>\n<p><\/span><\/p>\n","protected":false},"excerpt":{"rendered":"<p>Po planu gremo za par dni v Sesto-Sexten 46.701054,12.347817 http:\/\/en.wikipedia.org\/wiki\/Sexten \u00a0 \u00a0 Zakaj dvojno ime Sesto Sexten? \u00a0 \u00a0 \u00a0 Zato ker je to dvojezi\u010dni predel Italije, v glavnem Nem\u0161ko govore\u010dih prebivalcev, ki nikakor ne morejo pozabiti svojih Avstrijskih korenin. \u010clovek dobi ob\u010dutek, da v Italijan\u0161\u010dini raje ne odgovarjajo, \u010de pa \u017ee pa v te\u017eko [&hellip;]<\/p>\n","protected":false},"author":2,"featured_media":0,"comment_status":"closed","ping_status":"closed","sticky":false,"template":"","format":"standard","meta":{"footnotes":""},"categories":[3,5],"tags":[],"class_list":["post-742","post","type-post","status-publish","format-standard","hentry","category-dopusti","category-kampi"],"_links":{"self":[{"href":"http:\/\/caravaning.si\/freelander\/index.php?rest_route=\/wp\/v2\/posts\/742","targetHints":{"allow":["GET"]}}],"collection":[{"href":"http:\/\/caravaning.si\/freelander\/index.php?rest_route=\/wp\/v2\/posts"}],"about":[{"href":"http:\/\/caravaning.si\/freelander\/index.php?rest_route=\/wp\/v2\/types\/post"}],"author":[{"embeddable":true,"href":"http:\/\/caravaning.si\/freelander\/index.php?rest_route=\/wp\/v2\/users\/2"}],"replies":[{"embeddable":true,"href":"http:\/\/caravaning.si\/freelander\/index.php?rest_route=%2Fwp%2Fv2%2Fcomments&post=742"}],"version-history":[{"count":14,"href":"http:\/\/caravaning.si\/freelander\/index.php?rest_route=\/wp\/v2\/posts\/742\/revisions"}],"predecessor-version":[{"id":745,"href":"http:\/\/caravaning.si\/freelander\/index.php?rest_route=\/wp\/v2\/posts\/742\/revisions\/745"}],"wp:attachment":[{"href":"http:\/\/caravaning.si\/freelander\/index.php?rest_route=%2Fwp%2Fv2%2Fmedia&parent=742"}],"wp:term":[{"taxonomy":"category","embeddable":true,"href":"http:\/\/caravaning.si\/freelander\/index.php?rest_route=%2Fwp%2Fv2%2Fcategories&post=742"},{"taxonomy":"post_tag","embeddable":true,"href":"http:\/\/caravaning.si\/freelander\/index.php?rest_route=%2Fwp%2Fv2%2Ftags&post=742"}],"curies":[{"name":"wp","href":"https:\/\/api.w.org\/{rel}","templated":true}]}}