{"id":739,"date":"2010-08-04T22:24:28","date_gmt":"2010-08-04T21:24:28","guid":{"rendered":"http:\/\/caravaning.si\/freelander\/?p=739"},"modified":"2013-11-13T13:39:09","modified_gmt":"2013-11-13T12:39:09","slug":"severna-dalmacija-2010","status":"publish","type":"post","link":"http:\/\/caravaning.si\/freelander\/?p=739","title":{"rendered":"Severna Dalmacija 2010"},"content":{"rendered":"<p class=\"MsoNormal\" style=\"margin: 0cm 0cm 0pt\"><span style=\"font-family: Verdana\"><span style=\"font-size: small\">\u00a0<\/span><\/span><\/p>\n<p class=\"MsoNormal\" style=\"margin: 0cm 0cm 0pt\"><span style=\"font-family: Verdana\"><span style=\"font-size: small\">\u00a0<\/span><\/span><\/p>\n<p class=\"MsoNormal\" style=\"margin: 0cm 0cm 0pt\"><span style=\"font-family: Verdana\"><span style=\"font-size: small\">Te\u017eko pri\u010dakovani dopust je pred vrati in polno nalo\u017eeni po\u010dasi odrinemo proti znani destinaciji. Odrinemo v popoldanskih urah, da se izognemo vro\u010dini, za gu\u017evo pa se ne sekiramo preve\u010d, saj smo tako reko\u010d \u017ee na dopustu. Na cesti ni ni\u010d posebnega do Bakarca, ko za\u010dne veter nenormalno pihati. Spremlja nas vse do Senja, ko zavijemo s stare magistralke v \u00bbride\u00ab proti avtocesti. Veter pojenja zato si sam pri sebi \u017ee oddahnem, vendar nas po prevo\u017eenem predoru Sveti Rok po\u010daka presene\u010denje\u2026 zaradi vetra omejitev na 60 km\/h, na nekaterih predelih pa celo 40 km\/h. Po\u010dasi se mimo Zadra cijazimo do Murterja, ko se ob 23ih v Kosirini utrujeni zleknemo v postelje.<\/span><\/span><\/p>\n<p class=\"MsoNormal\" style=\"margin: 0cm 0cm 0pt\">\u00a0<\/p>\n<p class=\"MsoNormal\" style=\"margin: 0cm 0cm 0pt\">\u00a0<\/p>\n<p class=\"MsoNormal\" style=\"margin: 0cm 0cm 0pt\"><span style=\"font-family: Verdana\"><span style=\"font-size: small\">Mimo grede, kamera je imela prav, da smo kljub mojemu vztrajanju, da se peljemo po magistralki zavili na AC, saj bi nas po \u00bbtastari\u00ab guncalo celo pot. \u010ceprav 160 kunica za odsek Senj-Murter ni ravno poceni, se nam pot po AC zaradi vetra vsaj deloma obrestuje.<\/span><\/span><\/p>\n<p class=\"MsoNormal\" style=\"margin: 0cm 0cm 0pt\">\u00a0<\/p>\n<p class=\"MsoNormal\" style=\"margin: 0cm 0cm 0pt\"><span style=\"font-size: small\"><span style=\"font-family: Verdana\">Veter ( burja ) nas ziba do jutra, ko nas prebudi \u00bbala paradajza krafne-krafne\u00ab <\/span><span style=\"font-family: Wingdings\"><span>J<\/span><\/span><span style=\"font-family: Verdana\">. Stara doma\u010dinka veselo ponuja doma\u010de dobrote. Ker je poizkus, da bi na\u0161li idealno parcelo spodletel, se odpravimo v kampa Plitka Uvala in Jezera, kjer pa nam lokaciji nista v\u0161e\u010d. Sre\u010do testiramo \u0161e v kampu Slanica, vendar hvala bogu neuspe\u0161no, saj so parcele, \u010de to sploh so, zbite na kupu in kamp ne ponuja nobene intime.<\/span><\/span><\/p>\n<p class=\"MsoNormal\" style=\"margin: 0cm 0cm 0pt\">\u00a0<\/p>\n<p class=\"MsoNormal\" style=\"margin: 0cm 0cm 0pt\"><span style=\"font-family: Verdana\"><span style=\"font-size: small\">Sedmi \u010dut je \u0161e vedno pravil Kosirina, kamor se ponovno vrnemo. S tamalim greva na sprehod in ne morem se na\u010duditi prikoli\u010darjem, ki veselo zajtrkujejo na najve\u010djem vetru. Kruh, salama in me\u0161anica peska jim je kar teknila, da bi pa mizo v zavetje premaknili jim pa na kraj pameti ni padlo. No, so bili pa v prvi vrsti. Kot dva Zagreb\u010dana v penzijonu, ki sta branila svoj 250m2 velik prikoli\u010darski imperij, da se jima ja nebi preve\u010d pribli\u017eal. Pa moramo, da \u017eivimo\u2026.pa dajte.<\/span><\/span><\/p>\n<p class=\"MsoNormal\" style=\"margin: 0cm 0cm 0pt\">\u00a0<\/p>\n<p class=\"MsoNormal\" style=\"margin: 0cm 0cm 0pt\"><span style=\"font-size: small\"><span style=\"font-family: Verdana\">Slovenski dru\u017eini je veter polomil \u0161otor zato so bili primorani spakirati domov. Sre\u010da v nesre\u010di bi lahko rekel. V neposredni bli\u017eini pla\u017ee dobimo svoj kos zemlje s prijetno senco, kar je tam sicer luksuz <\/span><span style=\"font-family: Wingdings\"><span>J<\/span><\/span><span style=\"font-family: Verdana\">.<\/span><\/span><\/p>\n<p class=\"MsoNormal\" style=\"margin: 0cm 0cm 0pt\">\u00a0<\/p>\n<div id=\"attachment_768\" class=\"wp-caption alignnone\" style=\"width: 600px\"><a href=\"http:\/\/caravaning.si\/freelander\/files\/2010\/08\/dsc00990.jpg\"><img loading=\"lazy\" decoding=\"async\" class=\"size-medium wp-image-768\" src=\"http:\/\/caravaning.si\/freelander\/files\/2010\/08\/dsc00990-600x450.jpg\" alt=\"Kosirina gulf\" width=\"600\" height=\"450\" \/><\/a><p class=\"wp-caption-text\">Kosirina gulf<\/p><\/div>\n<p class=\"MsoNormal\" style=\"margin: 0cm 0cm 0pt\"><span style=\"font-family: Verdana\"><span style=\"font-size: small\">Kmalu po razpakiranju gremo na kopanje, kjer pa nas oblije hladen tu\u0161.Grem plavat in se navzven trudim u\u017eivati, na vznoter pa bijem te\u017eki boj v stilu \u00bbsaj ni tako slabo\u00ab morje ima namre\u010d samo 16 stopinj celzija. \u017de samo misel, da bi se moral ponovno premakniti me je grela. Ker preklemani veter ni ponehal kar tri dni in voda se je naposled le segrela na 19 stopinj, kar pa je \u0161e vedno premalo za spodobno poletno kopanje, za\u010dnemo razmi\u0161ljati o premiku. V Kosirini smo tri dni nakar spokamo naprej.<\/span><\/span><\/p>\n<p class=\"MsoNormal\" style=\"margin: 0cm 0cm 0pt\">\u00a0<\/p>\n<p class=\"MsoNormal\" style=\"margin: 0cm 0cm 0pt\"><span style=\"font-family: Verdana\"><span style=\"font-size: small\">Iz glave potegnem plan \u017d, kamp Jazina. Kaj kmalu smo tam in v parih minutah \u017ee u\u017eivamo v prvi vrsti tik ob morju. Od morja nas lo\u010di samo betonska pla\u017ea, kar pa meni ni v\u0161e\u010d zato svoje lepe urice pre\u017eivljamo na divji pla\u017ei, ki je v neposredni bli\u017eini. Voda ima po filingu 23 stopinj, v danih okoli\u0161\u010dinah kar v redu.<\/span><\/span><\/p>\n<p class=\"MsoNormal\" style=\"margin: 0cm 0cm 0pt\">\u00a0<\/p>\n<p class=\"MsoNormal\" style=\"margin: 0cm 0cm 0pt\"><span style=\"font-family: Verdana\"><span style=\"font-size: small\">Kamp Jazina ima del kampa, ki je obrnjen proti vzhodu, del pa proti zahodu. Mi smo bili na vzhodni strani obrnjeni proti celini. Na zahodni strani je res bolj son\u010dno zato pa je pla\u017ea \u00bbnikakva\u00ab. Lahko pa se gre\u0161 tudi \u0161tetje pomorskega prometa na kar me je \u017ee Jurij opozoril.<\/span><\/span><\/p>\n<p class=\"MsoNormal\" style=\"margin: 0cm 0cm 0pt\">\u00a0<\/p>\n<div><\/div>\n<p><span style=\"font-family: Verdana;font-size: small\"><\/p>\n<div id=\"attachment_769\" class=\"wp-caption alignnone\" style=\"width: 600px\"><a href=\"http:\/\/caravaning.si\/freelander\/files\/2010\/08\/dsc01039.jpg\"><img loading=\"lazy\" decoding=\"async\" class=\"size-medium wp-image-769\" src=\"http:\/\/caravaning.si\/freelander\/files\/2010\/08\/dsc01039-600x450.jpg\" alt=\"Jazina \" width=\"600\" height=\"450\" \/><\/a><p class=\"wp-caption-text\">Jazina gulf<\/p><\/div>\n<p>\u00a0<\/p>\n<p>\u00a0<\/p>\n<p><\/span><\/p>\n<p class=\"MsoNormal\" style=\"margin: 0cm 0cm 0pt\"><span style=\"font-family: Verdana\"><span style=\"font-size: small\">\u010ceprav sem bil trdno prepri\u010dan, da se v primeru, da najdemo idealno parcelo ne bomo ve\u010d premikali, nas tista cigansko-nomadska stran vle\u010de in vle\u010de, da naposled v soboto ob trenutku slabega vremena spokamo naprej. Pa ne \u017ee spet?!? Ja kaj pa drugega, sicer bi nabavili prikolico in se zabili kot pav\u0161alisti v en kamp pa fertik. Pa s tem ni ni\u010d narobe, samo mi postanemo na enem mestu nervozni.<\/span><\/span><\/p>\n<p class=\"MsoNormal\" style=\"margin: 0cm 0cm 0pt\"><span style=\"font-family: Verdana\"><span style=\"font-size: small\">Po stari magistralki se peljemo mimo Biograda kjer pred vasjo Drage v daljavi vidim kamp Oaza Mira, ki je bolj ali manj prazen. Do Zadra se nam cesta zagu\u017eva saj je pri Suko\u0161anih eno nedol\u017eno kri\u017ei\u0161\u010de oviralo celotno ka\u010do vozil. V Zadru v Merkatorju napolnimo \u017eive\u017e in se odpravimo v Nin do Ninske lagune. Mah brez veze, izguba \u010dasa, gremo raje naprej. Mogo\u010de je komu tam v\u0161e\u010d, bilo je nekaj surfarjev in kajtarjev, vendar mene v tisto blato tako v kampu kot v oddaljenem morju ne vle\u010de preve\u010d. V kotu kampa je bil postavljen \u0161vicarski \u0161otor in lastnik pred njim je bil po videzu gotovo Indijc. Nekam \u017ealostno je izgledal \u00bbJa luba du\u0161a\u2026. a za to blato si prevozil \u00bbtau\u017ente\u00ab kilometrov\u00ab?!? Res, sto ljudi sto \u010dudi.<\/span><\/span><\/p>\n<p class=\"MsoNormal\" style=\"margin: 0cm 0cm 0pt\">\u00a0<\/p>\n<p class=\"MsoNormal\" style=\"margin: 0cm 0cm 0pt\"><span style=\"font-family: Verdana\"><span style=\"font-size: small\">Ostane nam \u0161e zelo opevani Pag. Pozabil sem \u017ee kako je otok pust in brez rastja, samo eni rumeni grmi\u010dki uspevajo na skalnatih poljih. Zadnji\u010d sem bil tam leta 97. <\/span><\/span><\/p>\n<p class=\"MsoNormal\" style=\"margin: 0cm 0cm 0pt\">\u00a0<\/p>\n<div><\/div>\n<div><span style=\"font-family: Verdana\"><\/span><\/div>\n<p><span style=\"font-family: Verdana\"><span style=\"font-size: small\"><\/p>\n<div id=\"attachment_774\" class=\"wp-caption alignnone\" style=\"width: 600px\"><a href=\"http:\/\/caravaning.si\/freelander\/files\/2010\/08\/dsc01123.jpg\"><img loading=\"lazy\" decoding=\"async\" class=\"size-medium wp-image-774\" src=\"http:\/\/caravaning.si\/freelander\/files\/2010\/08\/dsc01123-600x450.jpg\" alt=\"Po Pagu\" width=\"600\" height=\"450\" \/><\/a><p class=\"wp-caption-text\">Po Pagu<\/p><\/div>\n<p>\u00a0<\/p>\n<p>\u00a0<\/p>\n<p><\/span><\/span><\/p>\n<p class=\"MsoNormal\" style=\"margin: 0cm 0cm 0pt\"><span style=\"font-family: Verdana\"><span style=\"font-size: small\">Od Nina se nam je cesta kar vlekla in po poti smo \u0161tudirali, da smo \u00bbfrajerji\u00ab, da si za premik izberemo ravno soboto popoldan. Ampak kar je je! Smuknemo v Kamp \u0160imuni, ki je za razliko od kampov v Dalmaciji nabito poln. Kamp ponuja prakti\u010dno ves luksuz, ki pa ga mi ne potrebujemo in malo se nam \u017ee kolca po Murterju.<\/span><\/span><\/p>\n<p class=\"MsoNormal\" style=\"margin: 0cm 0cm 0pt\">\u00a0<\/p>\n<p class=\"MsoNormal\" style=\"margin: 0cm 0cm 0pt\"><span style=\"font-size: small\"><span style=\"font-family: Verdana\">Lahko bi rekli da je Pag Slovenski, pa tudi \u00bb\u0161pageti\u00ab in \u00bbknodelni\u00ab so za\u010deli prihajati. Obilo je mladine, ki svoje po\u010ditnice pre\u017eivja v Zr\u010dah. Mularija obi\u010dajno do 12ih spi, kon\u010dno pa se zbudi tam ob 22ih, ko za\u010dne veselo na\u017eigati tuc-tuc. Tudi \u00bbfe\u0161ta\u00ab za dan kampa \u0160imuni je nekaj posebnega. V kampu na tovornjaku veselo vrtijo 18 jan\u010dkov na enkrat, pivo te\u010de v potokih, muzika \u00bb\u0161pila\u00ab do 4ih zjutraj. Jo\u0161 jedna za konobara\u2026 jebela cesta, a \u0161e ne greste spat <\/span><span style=\"font-family: Wingdings\"><span>L<\/span><\/span><\/span><\/p>\n<p class=\"MsoNormal\" style=\"margin: 0cm 0cm 0pt\">\u00a0<\/p>\n<p class=\"MsoNormal\" style=\"margin: 0cm 0cm 0pt\"><span style=\"font-family: Verdana\"><span style=\"font-size: small\">V Novalji nam v o\u010di pade izlet na otok Olib in Silba. Za 160+160+80kun gremo z gumenjakom na izlet. Kapetan pravi, da 8meterski gumenjak s 320 konjskim dizlom zmore 35 vozlov, kar je dovolj, da smo v pol urce na Olib-u. Voda ob pomolu je prozorno \u010dista, na globini cca 7m se kamenje zdi na dosegu roke. \u010ceprav sem imel priliko videti \u017ee kar nekaj morja, \u010desa takega ni nikjer na svetu, si mislim. Oba otoka sta za avtomobile nevozna, zato se mi je na Olibu zdel \u010duden nem\u0161ki avtodomar, ki se je zaril k eni doma\u010diji. Doma\u010dini se furajo s \u0161tirikolesniki in ob 11ih dopoldan v prijetni senci balinajo. Ravno \u0161e postanek za kavo in \u017ee smo na Silbi, kjer imamo 4 ure \u010dasa za kopanje in ostale malenkosti. <\/span><\/span><\/p>\n<p class=\"MsoNormal\" style=\"margin: 0cm 0cm 0pt\">\u00a0<\/p>\n<div><\/div>\n<div><span style=\"font-family: Verdana\"><\/span><\/div>\n<p><span style=\"font-family: Verdana\"><span style=\"font-size: small\"><\/p>\n<div id=\"attachment_770\" class=\"wp-caption alignnone\" style=\"width: 600px\"><a href=\"http:\/\/caravaning.si\/freelander\/files\/2010\/08\/dsc01109.jpg\"><img loading=\"lazy\" decoding=\"async\" class=\"size-medium wp-image-770\" src=\"http:\/\/caravaning.si\/freelander\/files\/2010\/08\/dsc01109-600x450.jpg\" alt=\"Silba gulf\" width=\"600\" height=\"450\" \/><\/a><p class=\"wp-caption-text\">Silba gulf<\/p><\/div>\n<div><span style=\"font-size: small\">\u00a0\u00a0<\/span><\/div>\n<p><span style=\"font-size: small\"><\/p>\n<div><span style=\"font-family: Verdana\">\u00a0<\/span><\/div>\n<p><\/span><\/span><span style=\"font-family: Verdana\"><span style=\"font-family: Verdana\"><span style=\"font-size: small\">No, na Silbi \u0161tirikolesnikov ni, zato pa so glasne freze. OK, razumem, da na otoku ni prostora za osebne avtomobile, zato pa ni treba nadoknaditi vsega hrupa in smrada s frezami. <\/span><\/span><\/p>\n<p><\/span><\/span><\/p>\n<p class=\"MsoNormal\" style=\"margin: 0cm 0cm 0pt\">\u00a0<\/p>\n<div><\/div>\n<div><span style=\"font-family: Verdana\"><\/span><\/div>\n<p><span style=\"font-family: Verdana\"><span style=\"font-size: small\"><\/p>\n<div id=\"attachment_772\" class=\"wp-caption alignnone\" style=\"width: 600px\"><a href=\"http:\/\/caravaning.si\/freelander\/files\/2010\/08\/dsc01114.jpg\"><img loading=\"lazy\" decoding=\"async\" class=\"size-medium wp-image-772\" src=\"http:\/\/caravaning.si\/freelander\/files\/2010\/08\/dsc01114-600x450.jpg\" alt=\"A mate \u0161e kaj placa\" width=\"600\" height=\"450\" \/><\/a><p class=\"wp-caption-text\">A mate \u0161e kaj placa<\/p><\/div>\n<p>\u00a0<\/p>\n<p>\u00a0<\/p>\n<p><\/span><\/span><\/p>\n<p class=\"MsoNormal\" style=\"margin: 0cm 0cm 0pt\"><span style=\"font-family: Verdana\"><span style=\"font-size: small\">Otok je sicer lep, vendar kaj ve\u010d od kratkega vzpona do bli\u017enje cerkve ne uspem narediti. Bolj kot hoja me privla\u010di kopanje. Pred odhodom nas zgrabi lakota, zato v eni izmed konob pokosilamo, testenine sa raj\u010dicom, pra\u017eene kalamare in dalmatinsko pa\u0161ticado\u2026 Vse je bilo njami, cena zmernih 280kun. <\/span><\/span><\/p>\n<p class=\"MsoNormal\" style=\"margin: 0cm 0cm 0pt\">\u00a0<\/p>\n<div><\/div>\n<p><span style=\"font-family: Verdana;font-size: small\"><\/p>\n<div id=\"attachment_773\" class=\"wp-caption alignnone\" style=\"width: 600px\"><a href=\"http:\/\/caravaning.si\/freelander\/files\/2010\/08\/dsc01121.jpg\"><img loading=\"lazy\" decoding=\"async\" class=\"size-medium wp-image-773\" src=\"http:\/\/caravaning.si\/freelander\/files\/2010\/08\/dsc01121-600x450.jpg\" alt=\"Dalmatinska pa\u0161ticada\" width=\"600\" height=\"450\" \/><\/a><p class=\"wp-caption-text\">Dalmatinska pa\u0161ticada<\/p><\/div>\n<p>\u00a0<\/p>\n<p>\u00a0<\/p>\n<p><\/span><\/p>\n<p class=\"MsoNormal\" style=\"margin: 0cm 0cm 0pt\"><span style=\"font-family: Verdana\"><span style=\"font-size: small\">Pred ve\u010derom se z \u010dolnom vrnemo v Novaljo, ko \u017ee iz morja pogledujem na mesto kjer nas \u010dakajo bicikli. Ker je vse v najlep\u0161em redu kmalu prikolesarimo do na\u0161ega doma.<\/span><\/span><\/p>\n<p class=\"MsoNormal\" style=\"margin: 0cm 0cm 0pt\"><span style=\"font-family: Verdana\"><span style=\"font-size: small\">Zjutraj je potrebno samo \u0161e spakirati in odriniti proti domu. Na trajekt po\u010dakamo 20 min, pred tem kupimo karto za 230 kun in pre\u010dkamo kanal proti Velebitu. \u0160e obvezen postanek za popoldansko kosilo v Senju in zadnje plavanje ter le\u017eerna vo\u017enja do doma.<\/span><\/span><\/p>\n<p class=\"MsoNormal\" style=\"margin: 0cm 0cm 0pt\">\u00a0<\/p>\n<p class=\"MsoNormal\" style=\"margin: 0cm 0cm 0pt\"><span style=\"font-family: Verdana\"><span style=\"font-size: small\">\u0160e malo podatkov:<\/span><\/span><\/p>\n<p class=\"MsoNormal\" style=\"margin: 0cm 0cm 0pt\"><span style=\"font-family: Verdana\"><span style=\"font-size: small\">Kampi:1841 kun<\/span><\/span><\/p>\n<p class=\"MsoNormal\" style=\"margin: 0cm 0cm 0pt\"><span style=\"font-family: Verdana\"><span style=\"font-size: small\">Trajekt:230<\/span><\/span><\/p>\n<p class=\"MsoNormal\" style=\"margin: 0cm 0cm 0pt\"><span style=\"font-family: Verdana\"><span style=\"font-size: small\">Izlet Olib-Silba 400 kun<\/span><\/span><\/p>\n<p class=\"MsoNormal\" style=\"margin: 0cm 0cm 0pt\"><span style=\"font-family: Verdana\"><span style=\"font-size: small\">Prevozimo 800 km!<\/span><\/span><\/p>\n","protected":false},"excerpt":{"rendered":"<p>\u00a0 \u00a0 Te\u017eko pri\u010dakovani dopust je pred vrati in polno nalo\u017eeni po\u010dasi odrinemo proti znani destinaciji. Odrinemo v popoldanskih urah, da se izognemo vro\u010dini, za gu\u017evo pa se ne sekiramo preve\u010d, saj smo tako reko\u010d \u017ee na dopustu. Na cesti ni ni\u010d posebnega do Bakarca, ko za\u010dne veter nenormalno pihati. Spremlja nas vse do Senja, [&hellip;]<\/p>\n","protected":false},"author":2,"featured_media":0,"comment_status":"closed","ping_status":"open","sticky":false,"template":"","format":"standard","meta":{"footnotes":""},"categories":[3,5,7],"tags":[],"class_list":["post-739","post","type-post","status-publish","format-standard","hentry","category-dopusti","category-kampi","category-poletje"],"_links":{"self":[{"href":"http:\/\/caravaning.si\/freelander\/index.php?rest_route=\/wp\/v2\/posts\/739","targetHints":{"allow":["GET"]}}],"collection":[{"href":"http:\/\/caravaning.si\/freelander\/index.php?rest_route=\/wp\/v2\/posts"}],"about":[{"href":"http:\/\/caravaning.si\/freelander\/index.php?rest_route=\/wp\/v2\/types\/post"}],"author":[{"embeddable":true,"href":"http:\/\/caravaning.si\/freelander\/index.php?rest_route=\/wp\/v2\/users\/2"}],"replies":[{"embeddable":true,"href":"http:\/\/caravaning.si\/freelander\/index.php?rest_route=%2Fwp%2Fv2%2Fcomments&post=739"}],"version-history":[{"count":11,"href":"http:\/\/caravaning.si\/freelander\/index.php?rest_route=\/wp\/v2\/posts\/739\/revisions"}],"predecessor-version":[{"id":771,"href":"http:\/\/caravaning.si\/freelander\/index.php?rest_route=\/wp\/v2\/posts\/739\/revisions\/771"}],"wp:attachment":[{"href":"http:\/\/caravaning.si\/freelander\/index.php?rest_route=%2Fwp%2Fv2%2Fmedia&parent=739"}],"wp:term":[{"taxonomy":"category","embeddable":true,"href":"http:\/\/caravaning.si\/freelander\/index.php?rest_route=%2Fwp%2Fv2%2Fcategories&post=739"},{"taxonomy":"post_tag","embeddable":true,"href":"http:\/\/caravaning.si\/freelander\/index.php?rest_route=%2Fwp%2Fv2%2Ftags&post=739"}],"curies":[{"name":"wp","href":"https:\/\/api.w.org\/{rel}","templated":true}]}}