{"id":1577,"date":"2012-03-03T18:01:23","date_gmt":"2012-03-03T17:01:23","guid":{"rendered":"http:\/\/caravaning.si\/freelander\/?p=1577"},"modified":"2013-11-13T13:25:50","modified_gmt":"2013-11-13T12:25:50","slug":"pusteria","status":"publish","type":"post","link":"http:\/\/caravaning.si\/freelander\/?p=1577","title":{"rendered":"Pusteria"},"content":{"rendered":"<p><strong>Februar 2012\u00a0Val Pusteria<\/strong><\/p>\n<p class=\"MsoNormal\" style=\"margin: 0cm 0cm 10pt\"><span style=\"font-family: &quot;Verdana&quot;,&quot;sans-serif&quot;font-size\">Mraza, vetra in burje imamo \u017ee \u010dez glavo in naslednje dni se vreme toliko pobolj\u0161a, da se nam zdi vredno \u00bbzaplu\u017eiti\u00ab v Dolomite. <\/span><\/p>\n<p class=\"MsoNormal\" style=\"margin: 0cm 0cm 10pt\"><span style=\"font-family: &quot;Verdana&quot;,&quot;sans-serif&quot;font-size\">Vsak ima nek svoj \u00bbpunkt\u00ab kjer se najbolj znajde. Enim odgovarjajo dolge proge, drugim strme, tretjim kro\u017ene, nam pa\u010d sede okolica Sesta oz. Moosa. Ne vem zakaj bi se trudili z iskanjem nove lokacije, \u010de nam tukaj odgovarja. \u010ceprav, \u010de sedaj dobro pomislim, mi gre tista ovinkasta cesta \u017ee po\u0161teno na \u017eivce tako, da se za naslednji\u010d mogo\u010de pustim tudi presenetiti in zamenjamo lokacijo.<\/span><\/p>\n<p class=\"MsoNormal\" style=\"margin: 0cm 0cm 10pt\"><a href=\"http:\/\/it.wikipedia.org\/wiki\/Val_Pusteria\">http:\/\/it.wikipedia.org\/wiki\/Val_Pusteria<\/a><\/p>\n<p class=\"MsoNormal\" style=\"margin: 0cm 0cm 10pt\"><span style=\"font-family: &quot;Verdana&quot;,&quot;sans-serif&quot;font-size\">Neposredno pod Crodo Rosso v dru\u017ebi Italijanov prespimo tri no\u010di, \u010deprav bli\u017enja tabla preno\u010devanje prepoveduje. Ker smo tam \u017ee bili in je bilo takrat no\u010denje dovoljeno se odlo\u010dim, da vseeno reskiram. Po drugi strani pa smo tja priplu\u017eili \u0161ele ob 20ih in se nam niti ni ljubilo iskati novega punkta. Zadnjo no\u010d prespimo na PZA v Sesto caravan parku.<\/span><\/p>\n<p class=\"MsoNormal\" style=\"margin: 0cm 0cm 10pt\"><span style=\"font-family: &quot;Verdana&quot;,&quot;sans-serif&quot;font-size\">Kot \u017ee re\u010deno, te\u017eav z mo\u017emi v modrem ni bilo. Odsmu\u010damo \u0161tiri dni od tega 3x na Croda Rossi in 1x na Monte Elmu. Ker je prva dva dni v presledkih sne\u017eilo, se nam je zadnje dva dni vreme odkupilo s son\u010dnimi \u017earki. \u010ceprav je trenutno alta stagione smu\u010di\u0161\u010da dobro absorbirajo obiskovalce in pretirane gne\u010de ni bilo, razen na Monte Elmu, kjer so vzpenja\u010de komaj po\u017eirale turiste. \u0160e najbolj fajn je bilo v ponedeljek, saj sem zaradi sne\u017eenja femily zapodil v wellnes in sam za du\u0161o na polno odfural kar nekaj vo\u017eenj, potem pa se tudi sam pridru\u017eil namakanju. <\/span><\/p>\n<p class=\"MsoNormal\" style=\"margin: 0cm 0cm 10pt\"><span style=\"font-family: &quot;Verdana&quot;,&quot;sans-serif&quot;font-size\">Ker je potrebno v\u010dasih tudi kaj izprazniti in napolniti se tudi tokrat ustavimo v Caravan Parku kjer prespimo, odlijemo, nafilamo itd. Predvsem pa je bilo \u00bbsvalkanje\u00ab v bli\u017enjih savnah, ki so vsaj za mene ene lep\u0161ih, blagodejno za mojo du\u0161o. Cena za PZA je vsaj za moje pojme pretirana.<\/span><\/p>\n<p class=\"MsoNormal\" style=\"margin: 0cm 0cm 10pt\"><span style=\"font-family: Verdana\">Sud Tirolci \u0161e vedno &#8220;\u0161rehenzi doj\u010d&#8221; \u010deprav nas italijansko govore\u010de ne gledajo ve\u010d postarni kot neko\u010d, ko sem namesto wurstel naro\u010dil salsiccio (klobaso).<\/span><\/p>\n<p class=\"MsoNormal\" style=\"margin: 0cm 0cm 10pt\"><span style=\"font-family: Verdana\">Kar \u017eal mi je bilo, da sem Bla\u017ea in Mareta sre\u010dal \u0161ele zadnji dan saj vem, da bi se sicer zve\u010der imeli fajn, namre\u010d snidenje se je \u017ee tako za\u010delo <img decoding=\"async\" style=\"padding-bottom: 0px;padding-left: 3px;padding-right: 3px;padding-top: 0px\" src=\"http:\/\/www.caravaning.si\/forum\/Smileys\/nasi\/rolleyes.gif\" alt=\"\" align=\"bottom\" \/><\/span><\/p>\n<p class=\"MsoNormal\" style=\"margin: 0cm 0cm 10pt\"><span style=\"font-family: &quot;Verdana&quot;,&quot;sans-serif&quot;font-size\">\u00a0<a href=\"http:\/\/caravaning.si\/freelander\/files\/2012\/02\/popravek-1.jpg\"><img loading=\"lazy\" decoding=\"async\" class=\"alignnone size-medium wp-image-1530\" src=\"http:\/\/caravaning.si\/freelander\/files\/2012\/02\/popravek-1-600x450.jpg\" alt=\"\" width=\"600\" height=\"450\" \/><\/a><\/span><\/p>\n<p class=\"MsoNormal\" style=\"margin: 0cm 0cm 10pt\"><span style=\"font-family: &quot;Verdana&quot;,&quot;sans-serif&quot;font-size\"><a href=\"http:\/\/caravaning.si\/freelander\/files\/2012\/02\/popravek-3.jpg\"><img loading=\"lazy\" decoding=\"async\" class=\"alignnone size-medium wp-image-1532\" src=\"http:\/\/caravaning.si\/freelander\/files\/2012\/02\/popravek-3-600x450.jpg\" alt=\"\" width=\"600\" height=\"450\" \/><\/a><\/span><\/p>\n<p class=\"MsoNormal\" style=\"margin: 0cm 0cm 10pt\">\u00a0<a href=\"http:\/\/caravaning.si\/freelander\/files\/2012\/02\/popravek-8.jpg\"><img loading=\"lazy\" decoding=\"async\" class=\"alignnone size-medium wp-image-1538\" src=\"http:\/\/caravaning.si\/freelander\/files\/2012\/02\/popravek-8-600x450.jpg\" alt=\"\" width=\"600\" height=\"450\" \/><\/a><\/p>\n<p class=\"MsoNormal\" style=\"margin: 0cm 0cm 10pt\"><span style=\"font-family: &quot;Verdana&quot;,&quot;sans-serif&quot;font-size\"><a href=\"http:\/\/caravaning.si\/freelander\/files\/2012\/02\/popravek-4.jpg\"><img loading=\"lazy\" decoding=\"async\" class=\"alignnone size-medium wp-image-1533\" src=\"http:\/\/caravaning.si\/freelander\/files\/2012\/02\/popravek-4-600x450.jpg\" alt=\"\" width=\"600\" height=\"450\" \/><\/a><\/span><\/p>\n<p class=\"MsoNormal\" style=\"margin: 0cm 0cm 10pt\"><span style=\"font-family: &quot;Verdana&quot;,&quot;sans-serif&quot;font-size\"><a href=\"http:\/\/caravaning.si\/freelander\/files\/2012\/02\/popravek-5.jpg\"><img loading=\"lazy\" decoding=\"async\" class=\"alignnone size-medium wp-image-1534\" src=\"http:\/\/caravaning.si\/freelander\/files\/2012\/02\/popravek-5-600x450.jpg\" alt=\"\" width=\"600\" height=\"450\" \/><\/a><\/span><\/p>\n<p class=\"MsoNormal\" style=\"margin: 0cm 0cm 10pt\"><span style=\"font-family: &quot;Verdana&quot;,&quot;sans-serif&quot;font-size\"><a href=\"http:\/\/caravaning.si\/freelander\/files\/2012\/02\/popravek-6.jpg\"><img loading=\"lazy\" decoding=\"async\" class=\"alignnone size-medium wp-image-1536\" src=\"http:\/\/caravaning.si\/freelander\/files\/2012\/02\/popravek-6-600x450.jpg\" alt=\"\" width=\"600\" height=\"450\" \/><\/a><\/span><\/p>\n<p class=\"MsoNormal\" style=\"margin: 0cm 0cm 10pt\"><span style=\"font-family: &quot;Verdana&quot;,&quot;sans-serif&quot;font-size\"><a href=\"http:\/\/caravaning.si\/freelander\/files\/2012\/02\/popravek-7.jpg\"><img loading=\"lazy\" decoding=\"async\" class=\"alignnone size-medium wp-image-1537\" src=\"http:\/\/caravaning.si\/freelander\/files\/2012\/02\/popravek-7-450x600.jpg\" alt=\"\" width=\"450\" height=\"600\" \/><\/a><\/span><\/p>\n<p class=\"MsoNormal\" style=\"margin: 0cm 0cm 10pt\">\u00a0<\/p>\n<p class=\"MsoNormal\" style=\"margin: 0cm 0cm 10pt\"><span style=\"font-family: &quot;Verdana&quot;,&quot;sans-serif&quot;font-size\">Statistika:<\/span><\/p>\n<p class=\"MsoNormal\" style=\"margin: 0cm 0cm 10pt\"><span style=\"font-family: &quot;Verdana&quot;,&quot;sans-serif&quot;font-size\">Caravan park PZA 29 eur, savna 18 eur 3 ure, <\/span><\/p>\n<p class=\"MsoNormal\" style=\"margin: 0cm 0cm 10pt\"><span style=\"font-family: &quot;Verdana&quot;,&quot;sans-serif&quot;font-size\">Bad Moss wellnes 30 eur\/dan<\/span><\/p>\n<p class=\"MsoNormal\" style=\"margin: 0cm 0cm 10pt\"><span style=\"font-family: &quot;Verdana&quot;,&quot;sans-serif&quot;font-size\">Dnevna smu\u010darska karta 40 eur, tridnevna 114 eur<\/span><\/p>\n","protected":false},"excerpt":{"rendered":"<p>Februar 2012\u00a0Val Pusteria Mraza, vetra in burje imamo \u017ee \u010dez glavo in naslednje dni se vreme toliko pobolj\u0161a, da se nam zdi vredno \u00bbzaplu\u017eiti\u00ab v Dolomite. Vsak ima nek svoj \u00bbpunkt\u00ab kjer se najbolj znajde. Enim odgovarjajo dolge proge, drugim strme, tretjim kro\u017ene, nam pa\u010d sede okolica Sesta oz. Moosa. Ne vem zakaj bi se [&hellip;]<\/p>\n","protected":false},"author":2,"featured_media":0,"comment_status":"open","ping_status":"closed","sticky":false,"template":"","format":"standard","meta":{"footnotes":""},"categories":[8],"tags":[],"class_list":["post-1577","post","type-post","status-publish","format-standard","hentry","category-zima"],"_links":{"self":[{"href":"http:\/\/caravaning.si\/freelander\/index.php?rest_route=\/wp\/v2\/posts\/1577","targetHints":{"allow":["GET"]}}],"collection":[{"href":"http:\/\/caravaning.si\/freelander\/index.php?rest_route=\/wp\/v2\/posts"}],"about":[{"href":"http:\/\/caravaning.si\/freelander\/index.php?rest_route=\/wp\/v2\/types\/post"}],"author":[{"embeddable":true,"href":"http:\/\/caravaning.si\/freelander\/index.php?rest_route=\/wp\/v2\/users\/2"}],"replies":[{"embeddable":true,"href":"http:\/\/caravaning.si\/freelander\/index.php?rest_route=%2Fwp%2Fv2%2Fcomments&post=1577"}],"version-history":[{"count":2,"href":"http:\/\/caravaning.si\/freelander\/index.php?rest_route=\/wp\/v2\/posts\/1577\/revisions"}],"predecessor-version":[{"id":1621,"href":"http:\/\/caravaning.si\/freelander\/index.php?rest_route=\/wp\/v2\/posts\/1577\/revisions\/1621"}],"wp:attachment":[{"href":"http:\/\/caravaning.si\/freelander\/index.php?rest_route=%2Fwp%2Fv2%2Fmedia&parent=1577"}],"wp:term":[{"taxonomy":"category","embeddable":true,"href":"http:\/\/caravaning.si\/freelander\/index.php?rest_route=%2Fwp%2Fv2%2Fcategories&post=1577"},{"taxonomy":"post_tag","embeddable":true,"href":"http:\/\/caravaning.si\/freelander\/index.php?rest_route=%2Fwp%2Fv2%2Ftags&post=1577"}],"curies":[{"name":"wp","href":"https:\/\/api.w.org\/{rel}","templated":true}]}}