{"id":1320,"date":"2011-08-09T23:45:35","date_gmt":"2011-08-09T22:45:35","guid":{"rendered":"http:\/\/caravaning.si\/freelander\/?p=1320"},"modified":"2013-11-13T13:36:23","modified_gmt":"2013-11-13T12:36:23","slug":"gor-in-dol-po-korziki","status":"publish","type":"post","link":"http:\/\/caravaning.si\/freelander\/?p=1320","title":{"rendered":"Gor in dol po Korziki"},"content":{"rendered":"<p class=\"MsoNormal\" style=\"margin: 0cm 0cm 10pt\">\u00a0<\/p>\n<p class=\"MsoNormal\" style=\"margin: 0cm 0cm 10pt\"><span style=\"font-family: &quot;Verdana&quot;,&quot;sans-serif&quot;font-size\">Po lanskoletnem razo\u010daranju z mrzlim morjem v Dalmaciji sem bil prepri\u010dan, da gremo letos za spremembo nekam v hribe, \u0160vico\u2026. No, pa ni bilo tako, vseeno \u00bbbukiramo\u00ab trajekt za Korziko <\/span><span style=\"font-family: Wingdings;font-size: 12pt\"><span>J<\/span><\/span><\/p>\n<p class=\"MsoNormal\" style=\"margin: 0cm 0cm 10pt\"><strong><span style=\"font-family: &quot;Verdana&quot;,&quot;sans-serif&quot;font-size\">Dan 1:<\/span><\/strong><span style=\"font-family: &quot;Verdana&quot;,&quot;sans-serif&quot;font-size\"> Pot do Livorna \u017ee dobro poznam in vendar se vedno za\u010dudim, kako se lahko med Bologno in Firenzami na kupu zbere toliko tovornjakov, pa \u0161e povsod nekaj popravljajo. Tko da\u2026 <\/span><\/p>\n<p class=\"MsoNormal\" style=\"margin: 0cm 0cm 10pt\"><span style=\"font-family: &quot;Verdana&quot;,&quot;sans-serif&quot;font-size\">Ker sem bil prepri\u010dan, da bom v Livornu na Stazione Maritima pripeljal mi\u017ee, seveda Garmina ne vklopim, zato na enem izvozu \u00bbzabluzim\u00ab ter za spanje izgubim dragocene pol ure. Ob polno\u010di le padem v globok spanec.<\/p>\n<div id=\"attachment_1314\" class=\"wp-caption alignnone\" style=\"width: 600px\"><a href=\"http:\/\/caravaning.si\/freelander\/files\/2011\/08\/korzika.jpg\"><img loading=\"lazy\" decoding=\"async\" class=\"size-medium wp-image-1314\" src=\"http:\/\/caravaning.si\/freelander\/files\/2011\/08\/korzika-600x480.jpg\" alt=\"Na\u0161 trip\" width=\"600\" height=\"480\" \/><\/a><p class=\"wp-caption-text\">Na\u0161 trip<\/p><\/div>\n<p><\/span>\n<\/p>\n<p class=\"MsoNormal\" style=\"margin: 0cm 0cm 10pt\"><strong><span style=\"font-family: &quot;Verdana&quot;,&quot;sans-serif&quot;font-size\">Dan 2:<\/span><\/strong><span style=\"font-family: &quot;Verdana&quot;,&quot;sans-serif&quot;font-size\"> Kakor koli, prespimo dokaj mirno no\u010d in se zjutraj ob 8ih vkrcamo na trajekt. Tiste 4 ure na barki \u017ee pre\u017eivimo in v Bastiji takoj napademo vzhodno obalo. Dan izkoristimo za kopanje in raziskovanje okolice. Za moj ob\u010dutek jo tam do Porto Vechia nekje, naslednji\u010d \u010disto komot izpustimo, saj ne ponuja ni\u010d posebnega in jo bom naslednji\u010d raje \u00bbubrisal\u00ab \u010dez Corte do Solenzare. <\/span><\/p>\n<p class=\"MsoNormal\" style=\"margin: 0cm 0cm 10pt\"><span style=\"font-family: &quot;Verdana&quot;,&quot;sans-serif&quot;font-size\">Ker sem \u00bbpicajzel\u00ab zve\u010der nikakor ne najdem primernega prostora za spanje. Par foruma\u0161kih koordinat mi je nesprejemljivih zato \u0161ele v Villati nekje v naselju parkiram in tam tudi prespimo. <\/span><\/p>\n<p class=\"MsoNormal\" style=\"margin: 0cm 0cm 10pt\"><strong><span style=\"font-family: &quot;Verdana&quot;,&quot;sans-serif&quot;font-size\">Dan 3:<\/span><\/strong><span style=\"font-family: &quot;Verdana&quot;,&quot;sans-serif&quot;font-size\"> Zjutraj nas zbudijo de\u017ene kaplje, ki kar ne odnehajo padati. Izlet do Solenzare zaradi vremena odpade, saj pogled v hribe obljublja, de\u017e, meglo in mraz. Zapeljem do San Ciprianu in nato naprej do Palombaggie, kjer poi\u0161\u010dem primerno parkiri\u0161\u010de. Tam nekje je tudi znani Giussepe, pa ga ne \u00bb\u0161ljivim 5 posto\u00ab zato na bli\u017enjem parkiri\u0161\u010du na \u00bbfree\u00ab parkiram, saj zaradi slabega vremena pobiralcev parkirnine ni. Pla\u017ea je v slabem vremenu prakti\u010dno prazna in mi je \u017ee zaradi tega v\u0161e\u010d. \u017dal nam dan razen parih sprehodov ob obali in dveh kopanj v morju, zaradi kislega vremena ni ponudil, saj je \u0161ele proti ve\u010deru za\u010delo kazati na izbolj\u0161anje vremena. Ve\u010derni zlet s kolesom mi razkrije tudi dobro znani PZA kamor se naslednji dan preselimo.<\/p>\n<div id=\"attachment_1272\" class=\"wp-caption alignnone\" style=\"width: 600px\"><a href=\"http:\/\/caravaning.si\/freelander\/files\/2011\/08\/dsc02611.jpg\"><img loading=\"lazy\" decoding=\"async\" class=\"size-medium wp-image-1272\" src=\"http:\/\/caravaning.si\/freelander\/files\/2011\/08\/dsc02611-600x450.jpg\" alt=\"Palombaggia\" width=\"600\" height=\"450\" \/><\/a><p class=\"wp-caption-text\">Palombaggia<\/p><\/div>\n<p><\/span>\n<\/p>\n<p class=\"MsoNormal\" style=\"margin: 0cm 0cm 10pt\"><strong><span style=\"font-family: &quot;Verdana&quot;,&quot;sans-serif&quot;font-size\">Dan 4:<\/span><\/strong><span style=\"font-family: &quot;Verdana&quot;,&quot;sans-serif&quot;font-size\"> Zjutraj po obvezni nabavi baguet sledi premik. Parkirnina 3,5 eur, no\u010ditev dodatnih 10 eur. PZA se na koncu izka\u017ee, da je na Korziki med top 3, saj za zmerno ceno ponudi, \u00bbvarno\u00ab spanje, senco, vodo\u2026 <\/span><\/p>\n<p class=\"MsoNormal\" style=\"margin: 0cm 0cm 10pt\"><span style=\"font-family: &quot;Verdana&quot;,&quot;sans-serif&quot;font-size\">Poka\u017ee se sonce in ljudi na pla\u017ei je kmalu ve\u010d kot mivke, a je na\u0161 ta mali vseeno neizmerno <span>\u00a0<\/span>u\u017eival. No js sem moral pa tudi, pa\u010d \u00bbalta stagione\u00ab! Ker je voda hladna nam kopanje ne di\u0161i preve\u010d.<\/span><\/p>\n<p class=\"MsoNormal\" style=\"margin: 0cm 0cm 10pt\"><strong><span style=\"font-family: &quot;Verdana&quot;,&quot;sans-serif&quot;font-size\">Dan 5<\/span><\/strong><span style=\"font-family: &quot;Verdana&quot;,&quot;sans-serif&quot;font-size\">: Zjutraj se s foruma\u0161i ?!? zaklepetamo in \u0161ele ob 11ih odrinemo proti Rondinari, kar se nam na ozki cesti ma\u0161\u010duje. Pa \u0161e znak za prepoved vo\u017enje z AD v na\u0161i smeri sem ignoriral, da se nebi vra\u010dali okoli riti v \u00bbvar\u017eet\u00ab. Kon\u010dno smo na hitri cesti, ko se \u010dez hrib zapodimo proti Rondinari. Nekdanji kolovoz je danes asfaltiran in ne vem, \u010de sem \u017ee kje prevozil toliko flik na enem kupu. \u00bbMulatiera\u00ab je v obupnem stanju in \u0161irina na nekaterih predelih ni ni\u010d kaj ve\u010dja od na\u0161e debele krave.<\/p>\n<div id=\"attachment_1328\" class=\"wp-caption alignnone\" style=\"width: 600px\"><a href=\"http:\/\/caravaning.si\/freelander\/files\/2011\/08\/dsc02676.jpg\"><img loading=\"lazy\" decoding=\"async\" class=\"size-medium wp-image-1328\" src=\"http:\/\/caravaning.si\/freelander\/files\/2011\/08\/dsc02676-600x450.jpg\" alt=\"Mulatiera?!?\" width=\"600\" height=\"450\" \/><\/a><p class=\"wp-caption-text\">Mulatiera?!?<\/p><\/div>\n<p><\/span><\/p>\n<p class=\"MsoNormal\" style=\"margin: 0cm 0cm 10pt\"><span style=\"font-family: &quot;Verdana&quot;,&quot;sans-serif&quot;font-size\">V bli\u017enjem kampu nas ne sprejmejo saj so zasedeni na ful, po drugi strani pa me kamp 500 horizontalnih in 150 vertikalnih metrov od morja niti ne zanima, zato gremo raje do morja kolikor nam je dovoljeno na parkiri\u0161\u010de, kjer nam je dovoljeno biti do 21ih. Rondinarana, na google maps res izgleda prekrasno in v resnici tudi je, vendar je \u017eal podobna mravlji\u0161\u010du.<\/p>\n<div id=\"attachment_1274\" class=\"wp-caption alignnone\" style=\"width: 600px\"><a href=\"http:\/\/caravaning.si\/freelander\/files\/2011\/08\/dsc02673.jpg\"><img loading=\"lazy\" decoding=\"async\" class=\"size-medium wp-image-1274\" src=\"http:\/\/caravaning.si\/freelander\/files\/2011\/08\/dsc02673-600x450.jpg\" alt=\"Rondinara\" width=\"600\" height=\"450\" \/><\/a><p class=\"wp-caption-text\">Rondinara<\/p><\/div>\n<p><\/span>\n<\/p>\n<p class=\"MsoNormal\" style=\"margin: 0cm 0cm 10pt\"><span style=\"font-family: &quot;Verdana&quot;,&quot;sans-serif&quot;font-size\">Na pla\u017ei se ponovi Palombaggina zgodba s tem, da se tukaj odpre nova dimenzija, veter. Italijanov z pink-ponkom na pla\u017ei, otro\u0161kega dretja, vetra in mivke vsepovsod, sem se \u017ee po\u0161teno naveli\u010dal in vse skupaj se mi je malce \u017ee nabiralo, \u0161e posebej, ker sem potegnil \u017ee vse ase, ki sem jih imel v rokavu. Ostala sta mi samo \u0161e dva Jolly-a, ki sem ju hranil za kasneje. V kolikor bi bila voda toplej\u0161a (cca22\u00b0), bi \u017ee nekako zabil svoj \u010das tako pa\u2026 <\/span><\/p>\n<p class=\"MsoNormal\" style=\"margin: 0cm 0cm 10pt\"><span style=\"font-family: &quot;Verdana&quot;,&quot;sans-serif&quot;font-size\">Ve\u010derna izvidnica in nabava \u00bbbaguet\u00ab v kamp trgovini mi razkrije primeren prostor za no\u010ditev s prekrasnim razgledom nad Rondinaro. Zaradi vetra je bila no\u010d prijetno hladna in mi3 spimo kot ubiti.<\/span><\/p>\n<p class=\"MsoNormal\" style=\"margin: 0cm 0cm 10pt\"><strong><span style=\"font-family: &quot;Verdana&quot;,&quot;sans-serif&quot;font-size\">Dan 6:<\/span><\/strong><span style=\"font-family: &quot;Verdana&quot;,&quot;sans-serif&quot;font-size\"> Bonifacio. V neposredni bli\u017eini marine parkiramo na pla\u010dljivem parkiri\u0161\u010du in ker vpla\u010damo za ogled oto\u010dja Lavezzi avtodom tudi kmalu premaknemo na parkiri\u0161\u010de lastnikov, ki oglede z ladjico ponujajo. <\/span><\/p>\n<p class=\"MsoNormal\" style=\"margin: 0cm 0cm 10pt\"><span style=\"font-family: &quot;Verdana&quot;,&quot;sans-serif&quot;font-size\">Ob 10:30 \u0161tartamo proti otoku Lavezzi ( ne vem ali je to ime otoka ali skupine otokov). \u0160e pred dobre pol ure je pogled v nebo ponujal druga\u010dno sliko, a je kmalu po izplutju panorama totalno spremenila razpolo\u017eenje. \u010ceprav vem, da je na o\u017eini med Sardenijo in Korziko morje nepredvidljivo si nisem predstavljal, da je lahko tako razburkano. Valovi, ki so prihajali prakti\u010dno iz vseh smeri so nas kar dobro premetavali.<\/p>\n<div id=\"attachment_1275\" class=\"wp-caption alignnone\" style=\"width: 600px\"><a href=\"http:\/\/caravaning.si\/freelander\/files\/2011\/08\/dsc02698.jpg\"><img loading=\"lazy\" decoding=\"async\" class=\"size-medium wp-image-1275\" src=\"http:\/\/caravaning.si\/freelander\/files\/2011\/08\/dsc02698-600x450.jpg\" alt=\"Lavezzi\" width=\"600\" height=\"450\" \/><\/a><p class=\"wp-caption-text\">Lavezzi<\/p><\/div>\n<p><\/span>\n<\/p>\n<p class=\"MsoNormal\" style=\"margin: 0cm 0cm 10pt\"><span style=\"font-family: &quot;Verdana&quot;,&quot;sans-serif&quot;font-size\">Stara \u017eeni\u010dka v kanuju je bila tega o\u010ditno vajena in je razburkano morje niti ni motilo. Po prihodu na Lavezzi <span>\u00a0<\/span>se vremenska slika ne izbolj\u0161a in lagune so \u017ee povsem obljudene. \u010ceprav je otok lep se zaradi mo\u010dnega vetra po dveh urah naveli\u010damo in ob 12:30 zapeljemo proti Bonifaciu. Skoraj razo\u010darani nad podarjenimi 70 euri naposled le pridemo na svoj ra\u010dun, ko ladjica zapelje v morsko votlino z imenom Zmajeva jama. Zaradi navdu\u0161enja nad dogodkom, na\u0161 najmlaj\u0161i \u010dlan takoj gor in dol odte\u010de dva kroga po ladjici. Seveda je potem o jami nastala cela pravljica kako zmaj tam \u017eivi, lovi ribe\u2026 <\/span><\/p>\n<p class=\"MsoNormal\" style=\"margin: 0cm 0cm 10pt\"><span style=\"font-family: &quot;Verdana&quot;,&quot;sans-serif&quot;font-size\">Moram priznati, da je kapetan ladjico kar dobro obvladal in jo iz krempljev votline kmalu spretno izvlekel.<\/p>\n<div id=\"attachment_1335\" class=\"wp-caption alignnone\" style=\"width: 600px\"><a href=\"http:\/\/caravaning.si\/freelander\/files\/2011\/08\/dsc027671.jpg\"><img loading=\"lazy\" decoding=\"async\" class=\"size-medium wp-image-1335\" src=\"http:\/\/caravaning.si\/freelander\/files\/2011\/08\/dsc027671-600x450.jpg\" alt=\"Bonifacio\" width=\"600\" height=\"450\" \/><\/a><p class=\"wp-caption-text\">Bonifacio<\/p><\/div>\n<p><\/span><\/p>\n<p><span style=\"font-family: &quot;Verdana&quot;,&quot;sans-serif&quot;font-size\"><\/p>\n<div id=\"attachment_1279\" class=\"wp-caption alignnone\" style=\"width: 600px\"><a href=\"http:\/\/caravaning.si\/freelander\/files\/2011\/08\/dsc02732.jpg\"><img loading=\"lazy\" decoding=\"async\" class=\"size-medium wp-image-1279\" src=\"http:\/\/caravaning.si\/freelander\/files\/2011\/08\/dsc02732-600x450.jpg\" alt=\"Bonifacio\" width=\"600\" height=\"450\" \/><\/a><p class=\"wp-caption-text\">Bonifacio<\/p><\/div>\n<p><font face=\"12pt\"><\/p>\n<p class=\"MsoNormal\" style=\"margin: 0cm 0cm 10pt\">Sledi kosilo in ogled mesta, ki razen klifov ne poka\u017ee ni\u010desar neko\u010d, nekje \u017ee videnega. Ker sem iz potopisov razbral, da zna na \u00bbbelvue\u00ab to\u010dki pri Bonifaciu nesramno pihati jo raje odpihnemo proti Roccapini. Torej odlo\u010dil sem se, da bom izkoristil prvi Jolly.<\/p>\n<p><\/font><\/span>\n<\/p>\n<p class=\"MsoNormal\" style=\"margin: 0cm 0cm 10pt\">\u00a0<\/p>\n<p class=\"MsoNormal\" style=\"margin: 0cm 0cm 10pt\">\u00a0<\/p>\n<p class=\"MsoNormal\" style=\"margin: 0cm 0cm 10pt\"><span style=\"font-family: &quot;Verdana&quot;,&quot;sans-serif&quot;font-size\">Tabla, ki ozna\u010duje kamp je pre\u010drtana, saj kamp ne obratuje ve\u010d. Mislim da zato ker so obmo\u010dje ozna\u010dili kot Park Marine Roccapina&#8230; Izpust v dolino s kolesom me prepri\u010da, da se z AD lahko zapeljemo, vendar bolj po\u010dasi. Parkiran AD pred zaprtim kampom pa \u0161e dodatno potrdi moje prepri\u010danje. \u017dal mi Italijan pove, da pod ve\u010der varuhi parka \u00bbdu merd\u00ab kakor jih poslej imenujem, vljudno preganjajo \u017eeljnih preno\u010ditve. Kar je prava \u0161koda, saj bi lahko za par eur lahko ponudili nekaj preprostega brez rom-pom-poma. <\/span><\/p>\n<p class=\"MsoNormal\" style=\"margin: 0cm 0cm 10pt\"><span style=\"font-family: &quot;Verdana&quot;,&quot;sans-serif&quot;font-size\">Zatorej prespimo v bli\u017eini Cvetovih krav, ki pa so v ogradi ograjene in zato nedostopne. Ob raziskovanju bli\u017enje okolice v grmovju najdem parkiran \u00bbreno\u00ab in par\u010dek v predigri. Naredim se Francoza in ju zaobidem z upanjem, da nas bodo pustili pri miru. Po kon\u010danem \u00bb\u0161tihu\u00ab se mirno zapeljeta mimo nas kot, da ni bilo ni\u010d. Jupej! No\u010d je vse prej kot mirna saj mimoido\u010da vozila ne odnehajo celo no\u010d.<\/span><\/p>\n<p class=\"MsoNormal\" style=\"margin: 0cm 0cm 10pt\"><strong><span style=\"font-family: &quot;Verdana&quot;,&quot;sans-serif&quot;font-size\">Dan 7:<\/span><\/strong><span style=\"font-family: &quot;Verdana&quot;,&quot;sans-serif&quot;font-size\"> Roccapina! Po\u010dasen jutranji spust v dolino se nam obrestuje. Pla\u017ea je prazna in par ur smo prakti\u010dno sami. Kon\u010dno! Sam pri sebi \u017ee za\u010dnem polniti baterije dokler na\u0161ega le\u017eernega po\u010ditka ne za\u010dne motiti bli\u017enja okolica. Ampak vseeno, dobili smo minimalno dozo tistega po kar smo pri\u0161li. Mir!<\/p>\n<div id=\"attachment_1284\" class=\"wp-caption alignnone\" style=\"width: 600px\"><a href=\"http:\/\/caravaning.si\/freelander\/files\/2011\/08\/dsc02788.jpg\"><img loading=\"lazy\" decoding=\"async\" class=\"size-medium wp-image-1284\" src=\"http:\/\/caravaning.si\/freelander\/files\/2011\/08\/dsc02788-600x450.jpg\" alt=\"Roccapina\" width=\"600\" height=\"450\" \/><\/a><p class=\"wp-caption-text\">Roccapina<\/p><\/div>\n<p><\/span><\/p>\n<p><span style=\"font-family: &quot;Verdana&quot;,&quot;sans-serif&quot;font-size\"><\/p>\n<div id=\"attachment_1329\" class=\"wp-caption alignnone\" style=\"width: 600px\"><a href=\"http:\/\/caravaning.si\/freelander\/files\/2011\/08\/dsc02786.jpg\"><img loading=\"lazy\" decoding=\"async\" class=\"size-medium wp-image-1329\" src=\"http:\/\/caravaning.si\/freelander\/files\/2011\/08\/dsc02786-600x450.jpg\" alt=\"Roccapina\" width=\"600\" height=\"450\" \/><\/a><p class=\"wp-caption-text\">Roccapina<\/p><\/div>\n<p><font face=\"12pt\"><\/p>\n<p class=\"MsoNormal\" style=\"margin: 0cm 0cm 10pt\">Jolly se je obrestoval, \u010deprav ne v celoti! Za tiste bolj spretne je lahko obisk do Roccapine tudi spust s kolesom, edino za vzpon se bo treba malce potruditi. Ker je pot od parkiri\u0161\u010de za AD naprej \u00bbzarampana\u00ab tudi mi do pla\u017ee izkoristimo makadamsko pot za vo\u017enjo s kolesi.<\/p>\n<p><\/font><\/span>\n<\/p>\n<p class=\"MsoNormal\" style=\"margin: 0cm 0cm 10pt\">\u00a0<\/p>\n<p class=\"MsoNormal\" style=\"margin: 0cm 0cm 10pt\">\u00a0<\/p>\n<p class=\"MsoNormal\" style=\"margin: 0cm 0cm 10pt\"><span style=\"font-family: &quot;Verdana&quot;,&quot;sans-serif&quot;font-size\">Proti ve\u010deru v Mari\u010dko odtipkam koordinate za Cupabio, Jolly II. Glede na to, da poti nisem poznal in nas je par kilometrov pred ciljem Mari\u010dka po vsej sili vlekla \u010dez neke hribe se odlo\u010dim, da v Porto Pollu prespimo. <\/span><\/p>\n<p class=\"MsoNormal\" style=\"margin: 0cm 0cm 10pt\"><strong><span style=\"font-family: &quot;Verdana&quot;,&quot;sans-serif&quot;font-size\">Dan 8-9-10:<\/span><\/strong><span style=\"font-family: &quot;Verdana&quot;,&quot;sans-serif&quot;font-size\"> Zjutraj se zbudimo ob pre\u010dudovitem razgledu in naposled zaupamo Mari\u010dkinim napotkom do Cupabie. Pogled v recepcijo kampa me navdu\u0161i. Plasma TV, usnje\u2026 uf to bo nekaj za nas. No, kamp je na koncu pravo nasprotje. Sanitarni blok je namre\u010d replika iz kasarne tujske legije, voda samo ob dolo\u010denih urah. <\/span><\/p>\n<p class=\"MsoNormal\" style=\"margin: 0cm 0cm 10pt\"><span style=\"font-family: &quot;Verdana&quot;,&quot;sans-serif&quot;font-size\">A kaj bi bil malenkosten, kon\u010dno se ustalimo in v miru u\u017eivamo par dni. In res, \u0161ele tukaj za\u010dutimo dopustni\u0161ki duh, saj smo do sedaj bolj ali manj potovali. Na pla\u017ei si izborimo svoj koti\u010dek in se kot martin\u010dki grejemo na toplem soncu. \u0160koda, da nimam gumija s sabo saj bi se na\u0161 u\u017eitek \u0161e podvojil.<\/p>\n<div id=\"attachment_1330\" class=\"wp-caption alignnone\" style=\"width: 600px\"><a href=\"http:\/\/caravaning.si\/freelander\/files\/2011\/08\/dsc02828.jpg\"><img loading=\"lazy\" decoding=\"async\" class=\"size-medium wp-image-1330\" src=\"http:\/\/caravaning.si\/freelander\/files\/2011\/08\/dsc02828-600x450.jpg\" alt=\"Cupabia\" width=\"600\" height=\"450\" \/><\/a><p class=\"wp-caption-text\">Cupabia<\/p><\/div>\n<p><\/span><\/p>\n<p><span style=\"font-family: &quot;Verdana&quot;,&quot;sans-serif&quot;font-size\"><\/p>\n<div id=\"attachment_1331\" class=\"wp-caption alignnone\" style=\"width: 600px\"><a href=\"http:\/\/caravaning.si\/freelander\/files\/2011\/08\/dsc02825.jpg\"><img loading=\"lazy\" decoding=\"async\" class=\"size-medium wp-image-1331\" src=\"http:\/\/caravaning.si\/freelander\/files\/2011\/08\/dsc02825-600x450.jpg\" alt=\"Cupabia\" width=\"600\" height=\"450\" \/><\/a><p class=\"wp-caption-text\">Cupabia<\/p><\/div>\n<p><font face=\"12pt\"><\/p>\n<p class=\"MsoNormal\" style=\"margin: 0cm 0cm 10pt\">Zadnji dan v kampu zmanjka vode zato se mi zdi od lastnikov ne fer, da kljub temu colajo polno ceno 29,0 eur na dan. Ker voda te\u010de oz. kaplja samo iz ene pipe in je vrsta za polnjenje posod kar dolga, se mi med \u010dakanjem pred o\u010dmi zavrti film afri\u0161kih otrok, ki prehodijo kilometre, do prvega vodnjaka. \u0160ele takrat mi je bilo jasno zakaj v kampu vsi kar naprej tovorijo vodo v raznih plastenkah, kantah itd. o\u010ditno se to tam pogosto dogaja.<\/p>\n<p><\/font><\/span>\n<\/p>\n<p class=\"MsoNormal\" style=\"margin: 0cm 0cm 10pt\">\u00a0<\/p>\n<p class=\"MsoNormal\" style=\"margin: 0cm 0cm 10pt\">\u00a0<\/p>\n<p class=\"MsoNormal\" style=\"margin: 0cm 0cm 10pt\"><span style=\"font-family: &quot;Verdana&quot;,&quot;sans-serif&quot;font-size\">Hvala Cupabia za lepe trenutke in Jolly II deloma izpolni pri\u010dakovanja. Mi se odpravimo v notranjost proti Cortam. Po asfaltiranem kolovozu se peljemo proti Ajaccu in na enem hribu nekje v eni baraki pokosilamo \u00bbplat de jour\u00ab. Da smo z vsemi postanki za 100 kilometrsko pot porabili 5 ur je bilo malce 2ma\u010d, zato v Cortah ve\u010d kot ve\u010dernega sprehoda nisem sposoben <\/span><span style=\"font-family: Wingdings;font-size: 12pt\"><span>L<\/span><\/span><span style=\"font-family: &quot;Verdana&quot;,&quot;sans-serif&quot;font-size\">.<\/p>\n<div id=\"attachment_1293\" class=\"wp-caption alignnone\" style=\"width: 600px\"><a href=\"http:\/\/caravaning.si\/freelander\/files\/2011\/08\/dsc02889.jpg\"><img loading=\"lazy\" decoding=\"async\" class=\"size-medium wp-image-1293\" src=\"http:\/\/caravaning.si\/freelander\/files\/2011\/08\/dsc02889-600x450.jpg\" alt=\"Corte\" width=\"600\" height=\"450\" \/><\/a><p class=\"wp-caption-text\">Corte<\/p><\/div>\n<p><\/span><\/p>\n<p class=\"MsoNormal\" style=\"margin: 0cm 0cm 10pt\"><strong><span style=\"font-family: &quot;Verdana&quot;,&quot;sans-serif&quot;font-size\">Dan 11:<\/span><\/strong><span style=\"font-family: &quot;Verdana&quot;,&quot;sans-serif&quot;font-size\"> Napademo kanjon Restonice in na sredini kanjona nekje ob reki parkiramo. \u010ceprav je cesta prevozna \u0161e dale\u010d naprej, kar kasneje na sprehodu ugotovimo raje ne izzivam preve\u010d. V istoimenski reki se namakamo v \u0161tevilnih tolmunih. Voda je hladna in blodenje po tolmunih je pravi u\u017eitek. \u0160e bolj se mi zdi, da smo nad tolmuni navdu\u0161eni bolj ta stari (predvsem mo\u0161ki) saj so nekateri bili prav otro\u010dji. <\/span><span style=\"font-family: &quot;Verdana&quot;,&quot;sans-serif&quot;font-size\">Ker smo v Cupabii ostali brez vode, si tukaj napolnim tudi vodni rezervoar.<\/p>\n<div id=\"attachment_1299\" class=\"wp-caption alignnone\" style=\"width: 449px\"><a href=\"http:\/\/caravaning.si\/freelander\/files\/2011\/08\/dsc02920.jpg\"><img loading=\"lazy\" decoding=\"async\" class=\"size-medium wp-image-1299\" src=\"http:\/\/caravaning.si\/freelander\/files\/2011\/08\/dsc02920-449x600.jpg\" alt=\"Restonica\" width=\"449\" height=\"600\" \/><\/a><p class=\"wp-caption-text\">Restonica<\/p><\/div>\n<p><\/span>\n<\/p>\n<p class=\"MsoNormal\" style=\"margin: 0cm 0cm 10pt\"><span style=\"font-family: &quot;Verdana&quot;,&quot;sans-serif&quot;font-size\">Proti ve\u010deru zavijem proti zahodni obali. Mari\u010dka nas je zgledno vodila po \u00bbhitri\u00ab cesti do Losari, kjer pa me je napotila nekam v notranjost. Hoteli smo v 360 stopinjsko vas San Antonio na romanti\u010dni son\u010dni zahod. <\/span><\/p>\n<p class=\"MsoNormal\" style=\"margin: 0cm 0cm 10pt\"><span style=\"font-family: &quot;Verdana&quot;,&quot;sans-serif&quot;font-size\">Kmalu od romantike ni ostalo ni\u010desar ve\u010d saj je bila cesta za avtodom vedno manj prevozna. Dvopasovnica je postajala enopasovnica in eno pasovnica kolovoz, dokler se na enem mosti\u010dku nisem zakajlal. \u0160e dobro, da je bilo potrebno rikvercati samo 50m, kjer lahko na\u0161o avanturo nadaljujemo po cesti naprej. \u010ceprav je bila tudi tukaj \u0161irina skopa. Potreben je bil samo \u0161e en tak bedak kot js in verjetno bi \u0161e danes kampirali tam v skalah nekje <\/span><span style=\"font-family: Wingdings;font-size: 12pt\"><span>J<\/span><\/span><span style=\"font-family: &quot;Verdana&quot;,&quot;sans-serif&quot;font-size\">. V tistem trenutku se mi je na vrhu hriba zdela najbolj\u0161a poteza umik v dolino, nekam \u010dim bli\u017eje morju. Torej z San Antoniom ne bo ni\u010d, znajdemo se v Ile Rouse.<\/span><\/p>\n<p class=\"MsoNormal\" style=\"margin: 0cm 0cm 10pt\"><span style=\"font-family: &quot;Verdana&quot;,&quot;sans-serif&quot;font-size\">Zaradi pomanjkanja idej, energije in bli\u017eajo\u010de no\u010di smo \u017eeleli preno\u010dili v grmovju nekje in po\u010dakati na naslednji dan, da se polni energije zorganiziramo. Vendar jo zaradi no\u010dnega vrve\u017ea okoli avtodoma in strahu pred morebitnim vandalizmom, raje ucvrem pred kamp Bodri, ki sem ga na\u0161el \u0161ele iz potopisov tik pred spanjem.<\/span><\/p>\n<p class=\"MsoNormal\" style=\"margin: 0cm 0cm 10pt\"><strong><span style=\"font-family: &quot;Verdana&quot;,&quot;sans-serif&quot;font-size\">Dan 12-13:<\/span><\/strong><span style=\"font-family: &quot;Verdana&quot;,&quot;sans-serif&quot;font-size\"> Zjutraj se prijavimo v avtokampu Bodri. Kot povsod na Korziki tudi tukaj ni prve vrste in pla\u017ea je oddaljena 200-300m. Mivkasti pla\u017ei sta dve in sam bi raje ure pre\u017eivljal na bli\u017enjih skalah, a na\u0161 najmlaj\u0161i mivko obo\u017euje. No, \u017eena pa tudi saj ima potem mir, ker js s ta malim gradim in gradim in gradim <\/span><span style=\"font-family: Wingdings;font-size: 12pt\"><\/p>\n<p class=\"MsoNormal\" style=\"margin: 0cm 0cm 10pt\"><span>J<\/span><\/p>\n<p><\/span>\n<\/p>\n<p class=\"MsoNormal\" style=\"margin: 0cm 0cm 10pt\">\u00a0<\/p>\n<p class=\"MsoNormal\" style=\"margin: 0cm 0cm 10pt\"><span style=\"font-family: &quot;Verdana&quot;,&quot;sans-serif&quot;font-size\">Za razliko od Cupabie je kamp na vi\u0161jem nivoju. A \u0161e vedno ne dosega kvalitete Istrskih kampov. Bli\u017enjo \u017eelezni\u0161ko povezavo Calvi-Ile Rouse izkoristimo za popoldanski izlet do Ile Rouse. Sicer pa \u010dez dan po\u010dnemo kar se na morju po\u010dne.<\/p>\n<div id=\"attachment_1334\" class=\"wp-caption alignnone\" style=\"width: 600px\"><a href=\"http:\/\/caravaning.si\/freelander\/files\/2011\/08\/dsc02930.jpg\"><img loading=\"lazy\" decoding=\"async\" class=\"size-medium wp-image-1334\" src=\"http:\/\/caravaning.si\/freelander\/files\/2011\/08\/dsc02930-600x450.jpg\" alt=\"Bodri\" width=\"600\" height=\"450\" \/><\/a><p class=\"wp-caption-text\">Bodri<\/p><\/div>\n<p><\/span><\/p>\n<p class=\"MsoNormal\" style=\"margin: 0cm 0cm 10pt\"><strong><span style=\"font-family: &quot;Verdana&quot;,&quot;sans-serif&quot;font-size\">Dan 14:<\/span><\/strong><span style=\"font-family: &quot;Verdana&quot;,&quot;sans-serif&quot;font-size\"> Za predzadnji dan si izberem \u010drno pla\u017eo v Marini d`Albu. \u010ceprav je samo 70km za prevoziti, transfer traja kar dve uri. Cesta je na ve\u010djem delu vijugasta, od St. Florenta naprej pa precej ozka. Ozka tako, da z Toyoto Land Cruiser z ogledali udariva, v Nonzi pa za\u0161topam celoten promet.<\/span><span style=\"font-family: &quot;Verdana&quot;,&quot;sans-serif&quot;font-size\">Na parkiri\u0161\u010du za avtodome parkiramo in kmalu nam odle\u017ee.<\/p>\n<div id=\"attachment_1307\" class=\"wp-caption alignnone\" style=\"width: 600px\"><a href=\"http:\/\/caravaning.si\/freelander\/files\/2011\/08\/dsc030081.jpg\"><img loading=\"lazy\" decoding=\"async\" class=\"size-medium wp-image-1307\" src=\"http:\/\/caravaning.si\/freelander\/files\/2011\/08\/dsc030081-600x450.jpg\" alt=\"\u010crna pla\u017ea\" width=\"600\" height=\"450\" \/><\/a><p class=\"wp-caption-text\">\u010crna pla\u017ea<\/p><\/div>\n<p><\/span>\n<\/p>\n<p class=\"MsoNormal\" style=\"margin: 0cm 0cm 10pt\"><span style=\"font-family: &quot;Verdana&quot;,&quot;sans-serif&quot;font-size\">\u010crna pla\u017ea res ni ne vem kaj, a je blagodejna sprememba mivkastim pla\u017eam. Vsi trije se v spremembi raz\u017eivimo in na koncu se izka\u017ee, da je tako pla\u017ea, kot PZA za na\u0161 obisk definitivno med top 3. Lahko bi to bil tudi Jolly III in \u017eal nam je da se dopust po\u010dasi zaklju\u010duje. Da so doma\u010dini usekani na balinanje je dejstvo, saj se proti ve\u010deru med avtodomi kmalu formirajo tri skupine, ki diskretno tol\u010dejo bale in se v poznem marku tudi umaknejo.<\/span><\/p>\n<p class=\"MsoNormal\" style=\"margin: 0cm 0cm 10pt\"><strong><span style=\"font-family: &quot;Verdana&quot;,&quot;sans-serif&quot;font-size\">Dan 15: <\/span><\/strong><span style=\"font-family: &quot;Verdana&quot;,&quot;sans-serif&quot;font-size\">L estate sta finendo\u2026 v jutranji zori ob morju \u0161e zadnji\u010d s ta malim polniva baterije.<\/span><\/p>\n<p class=\"MsoNormal\" style=\"margin: 0cm 0cm 10pt\"><span style=\"font-family: &quot;Verdana&quot;,&quot;sans-serif&quot;font-size\">Od Marina d`Albu do St. Florent spet sledi adrenalinska vo\u017enja polna stresnih izku\u0161enj.<\/p>\n<div id=\"attachment_1332\" class=\"wp-caption alignnone\" style=\"width: 600px\"><a href=\"http:\/\/caravaning.si\/freelander\/files\/2011\/08\/dsc03030.jpg\"><img loading=\"lazy\" decoding=\"async\" class=\"size-medium wp-image-1332\" src=\"http:\/\/caravaning.si\/freelander\/files\/2011\/08\/dsc03030-600x450.jpg\" alt=\"A bo \u0161lo?\" width=\"600\" height=\"450\" \/><\/a><p class=\"wp-caption-text\">A bo \u0161lo?<\/p><\/div>\n<p><\/span><\/p>\n<p><span style=\"font-family: &quot;Verdana&quot;,&quot;sans-serif&quot;font-size\"><\/p>\n<div id=\"attachment_1333\" class=\"wp-caption alignnone\" style=\"width: 449px\"><a href=\"http:\/\/caravaning.si\/freelander\/files\/2011\/08\/dsc03032.jpg\"><img loading=\"lazy\" decoding=\"async\" class=\"size-medium wp-image-1333\" src=\"http:\/\/caravaning.si\/freelander\/files\/2011\/08\/dsc03032-449x600.jpg\" alt=\"Bo!\" width=\"449\" height=\"600\" \/><\/a><p class=\"wp-caption-text\">Bo!<\/p><\/div>\n<p><font face=\"12pt\"><\/p>\n<p class=\"MsoNormal\" style=\"margin: 0cm 0cm 10pt\">Nato Bastia, Livorno in dom.<\/p>\n<p><\/font><\/span>\n<\/p>\n<p class=\"MsoNormal\" style=\"margin: 0cm 0cm 10pt\">\u00a0<\/p>\n<div id=\"attachment_1308\" class=\"wp-caption alignnone\" style=\"width: 449px\"><a href=\"http:\/\/caravaning.si\/freelander\/files\/2011\/08\/dsc03009.jpg\"><img loading=\"lazy\" decoding=\"async\" class=\"size-medium wp-image-1308\" src=\"http:\/\/caravaning.si\/freelander\/files\/2011\/08\/dsc03009-449x600.jpg\" alt=\"Ro\u017eica\" width=\"449\" height=\"600\" \/><\/a><p class=\"wp-caption-text\">Ro\u017eica<\/p><\/div>\n<p class=\"MsoNormal\" style=\"margin: 0cm 0cm 10pt\"><span style=\"font-family: &quot;Verdana&quot;,&quot;sans-serif&quot;font-size\">\u00a0<\/span><\/p>\n<p class=\"MsoNormal\" style=\"margin: 0cm 0cm 10pt\"><span style=\"font-family: &quot;Verdana&quot;,&quot;sans-serif&quot;font-size\">Zaklju\u010dek:<\/span><\/p>\n<p class=\"MsoNormal\" style=\"margin: 0cm 0cm 10pt\"><span style=\"font-family: &quot;Verdana&quot;,&quot;sans-serif&quot;font-size\">Korzika te po svoje o\u010dara in prakti\u010dno je na vsakem vogalu videti, da narava ni skoparila s svojo domi\u0161ljijo pri ustvarjanju.\u00a0\u00a0Da so Korzi\u010dani zategnjeni in ne poznajo drugega jezika kot Franco\u0161\u010dino ravno ne dr\u017ei, saj se nekateri kar potrudijo. No vsaj v globalu. Razen ene slabe izku\u0161nje nimam slabega vtisa o Korzi\u010danih. Tudi na cesti so se izkazali pravi gentelmeni. Eni trije so \u017ee bili pravi debilni pacienti ampak ti nikakor ne morejo pokvariti statistike. V o\u010di bode dejstvo, da je z avtodomom ob pla\u017ei te\u017eko parkirati, da so kampi od morja oddaljeni, da tudi tisti ob rekah niso na top destinacijah. Da so kampi vsaj tiste katere sem videl v bogem stanju in si nekateri imena kamp (ograda) niti ne zaslu\u017eijo. Na na\u0161o \u017ealost in globalno gledano sre\u010do, so za vozila kar precej omejili dostope do morja z raznimi marine nature parki. Prav gotovo Avgust ni idealen termin za obisk Korzike, vendar razen na nekaterih najbolj znanih pla\u017eah \u00bbgu\u017eve\u00ab drugje ni bilo zaslediti. Obi\u010dajno me obiskana destinacija o\u010dara tam kjer to najmanj pri\u010dakujem in tudi tukaj je bilo tako. V spominu mi bo ostala tudi zelo pikantna borovni\u010deva salama in nesramno draga piva Pietra.<\/span><\/p>\n<p class=\"MsoNormal\" style=\"margin: 0cm 0cm 10pt\"><span style=\"font-family: &quot;Verdana&quot;,&quot;sans-serif&quot;font-size\">\u00a0<\/p>\n<div id=\"attachment_1291\" class=\"wp-caption alignnone\" style=\"width: 450px\"><a href=\"http:\/\/caravaning.si\/freelander\/files\/2011\/08\/dsc02859.jpg\"><img loading=\"lazy\" decoding=\"async\" class=\"size-medium wp-image-1291\" src=\"http:\/\/caravaning.si\/freelander\/files\/2011\/08\/dsc02859-450x600.jpg\" alt=\"Uomo nero!\" width=\"450\" height=\"600\" \/><\/a><p class=\"wp-caption-text\">Uomo nero!<\/p><\/div>\n<p><\/span>\n<\/p>\n<p class=\"MsoNormal\" style=\"margin: 0cm 0cm 10pt\"><span style=\"font-family: &quot;Verdana&quot;,&quot;sans-serif&quot;font-size\">Statistika:<\/span><\/p>\n<p class=\"MsoNormal\" style=\"margin: 0cm 0cm 10pt\"><span style=\"font-family: &quot;Verdana&quot;,&quot;sans-serif&quot;font-size\">Trajekt: 258 eur<\/span><\/p>\n<p class=\"MsoNormal\" style=\"margin: 0cm 0cm 10pt\"><span style=\"font-family: &quot;Verdana&quot;,&quot;sans-serif&quot;font-size\">Cestnina: 65 eur<\/span><\/p>\n<p class=\"MsoNormal\" style=\"margin: 0cm 0cm 10pt\"><span style=\"font-family: &quot;Verdana&quot;,&quot;sans-serif&quot;font-size\">Prevozimo 1800km od tega 700 na Korziki<\/span><\/p>\n<p class=\"MsoNormal\" style=\"margin: 0cm 0cm 10pt\"><span style=\"font-family: &quot;Verdana&quot;,&quot;sans-serif&quot;font-size\">Za kampe in PZA \u00bbzaru\u017eimo\u00ab 134 eur<\/span><\/p>\n<p class=\"MsoNormal\" style=\"margin: 0cm 0cm 10pt\"><span style=\"font-family: &quot;Verdana&quot;,&quot;sans-serif&quot;font-size\">Iz dolgo\u010dasja na poti po Korziki na\u0161 najmlaj\u0161i \u010dlan na\u0161teje 1178 kant za smeti in v \u0161tetju maksimalno u\u017eiva <\/span><span style=\"font-family: Wingdings;font-size: 12pt\"><span>J<\/span><\/span><span style=\"font-family: &quot;Verdana&quot;,&quot;sans-serif&quot;font-size\"> tudi abecede se je med tem iz dolgo\u010dasja nau\u010dil. Dolgo pozabljeni pli\u0161asti prijatelj je postal spet najbolj\u0161i frend <\/span><span style=\"font-family: Wingdings;font-size: 12pt\"><span>J<\/span><\/span><\/p>\n<p class=\"MsoNormal\" style=\"margin: 0cm 0cm 10pt\">\u00a0<\/p>\n","protected":false},"excerpt":{"rendered":"<p>\u00a0 Po lanskoletnem razo\u010daranju z mrzlim morjem v Dalmaciji sem bil prepri\u010dan, da gremo letos za spremembo nekam v hribe, \u0160vico\u2026. No, pa ni bilo tako, vseeno \u00bbbukiramo\u00ab trajekt za Korziko J Dan 1: Pot do Livorna \u017ee dobro poznam in vendar se vedno za\u010dudim, kako se lahko med Bologno in Firenzami na kupu zbere [&hellip;]<\/p>\n","protected":false},"author":2,"featured_media":0,"comment_status":"closed","ping_status":"closed","sticky":false,"template":"","format":"standard","meta":{"footnotes":""},"categories":[5,7],"tags":[],"class_list":["post-1320","post","type-post","status-publish","format-standard","hentry","category-kampi","category-poletje"],"_links":{"self":[{"href":"http:\/\/caravaning.si\/freelander\/index.php?rest_route=\/wp\/v2\/posts\/1320","targetHints":{"allow":["GET"]}}],"collection":[{"href":"http:\/\/caravaning.si\/freelander\/index.php?rest_route=\/wp\/v2\/posts"}],"about":[{"href":"http:\/\/caravaning.si\/freelander\/index.php?rest_route=\/wp\/v2\/types\/post"}],"author":[{"embeddable":true,"href":"http:\/\/caravaning.si\/freelander\/index.php?rest_route=\/wp\/v2\/users\/2"}],"replies":[{"embeddable":true,"href":"http:\/\/caravaning.si\/freelander\/index.php?rest_route=%2Fwp%2Fv2%2Fcomments&post=1320"}],"version-history":[{"count":8,"href":"http:\/\/caravaning.si\/freelander\/index.php?rest_route=\/wp\/v2\/posts\/1320\/revisions"}],"predecessor-version":[{"id":1327,"href":"http:\/\/caravaning.si\/freelander\/index.php?rest_route=\/wp\/v2\/posts\/1320\/revisions\/1327"}],"wp:attachment":[{"href":"http:\/\/caravaning.si\/freelander\/index.php?rest_route=%2Fwp%2Fv2%2Fmedia&parent=1320"}],"wp:term":[{"taxonomy":"category","embeddable":true,"href":"http:\/\/caravaning.si\/freelander\/index.php?rest_route=%2Fwp%2Fv2%2Fcategories&post=1320"},{"taxonomy":"post_tag","embeddable":true,"href":"http:\/\/caravaning.si\/freelander\/index.php?rest_route=%2Fwp%2Fv2%2Ftags&post=1320"}],"curies":[{"name":"wp","href":"https:\/\/api.w.org\/{rel}","templated":true}]}}