{"id":1260,"date":"2011-07-12T20:03:52","date_gmt":"2011-07-12T19:03:52","guid":{"rendered":"http:\/\/caravaning.si\/freelander\/?p=1260"},"modified":"2013-11-13T13:36:32","modified_gmt":"2013-11-13T12:36:32","slug":"z-biciklom-na-morje","status":"publish","type":"post","link":"http:\/\/caravaning.si\/freelander\/?p=1260","title":{"rendered":"Z biciklom na morje"},"content":{"rendered":"<p>\u00a0<\/p>\n<p class=\"MsoNormal\" style=\"margin: 0cm 0cm 10pt\"><span style=\"font-family: &quot;Verdana&quot;,&quot;sans-serif&quot;font-size\">Ker se mi je nepredvideno odprla luknja priliko izkoristim za kolesarsko turo. Moja dva sta \u017ee situirana v Novigradu in s kolesom se zapeljem do njiju. \u010ce bi mi nekdo pred parimi leti omenil, da gre s kolesom na morje, bi mislil, da se mu je v mo\u017eganih \u00bbskisalo\u00ab. O\u010ditno se \u00bbkisa\u00ab tudi meni!<\/span><\/p>\n<p class=\"MsoNormal\" style=\"margin: 0cm 0cm 10pt\"><span style=\"font-family: &quot;Verdana&quot;,&quot;sans-serif&quot;font-size\">Ob 6:30 je \u017ee vro\u010de kot\u00a0v peklu\u00a0in samo misel na spust v dolino me je ohranila pri ideji, da od podviga ne odstopim. No, pa misel, da ga bom kmalu spet poto\u010dil, v morje namre\u010d, tudi <\/span><span style=\"font-family: Wingdings;font-size: 12pt\"><span>J<\/span><\/span><span style=\"font-family: &quot;Verdana&quot;,&quot;sans-serif&quot;font-size\">.<\/span><\/p>\n<p class=\"MsoNormal\" style=\"margin: 0cm 0cm 10pt\"><span style=\"font-family: &quot;Verdana&quot;,&quot;sans-serif&quot;font-size\">Prakti\u010dno je prvih 20 km s povpre\u010dno hitrostjo 45km\/h minilo kot bi mignil. Na \u0160kofijah se zapeljem na \u00bbparencano\u00ab vendar jo do Kopra raje \u00bbubri\u0161em\u00ab po vzhodni obvoznici ker \u00bbparencana\u00ab za\u010dne nepredvideno vijugati. <\/span><\/p>\n<div id=\"attachment_1248\" class=\"wp-caption alignnone\" style=\"width: 449px\"><a href=\"http:\/\/caravaning.si\/freelander\/files\/2011\/07\/slika0578.jpg\"><img loading=\"lazy\" decoding=\"async\" class=\"size-medium wp-image-1248\" src=\"http:\/\/caravaning.si\/freelander\/files\/2011\/07\/slika0578-449x600.jpg\" alt=\"Na \u0160kofijah\" width=\"449\" height=\"600\" \/><\/a><p class=\"wp-caption-text\">Na \u0160kofijah<\/p><\/div>\n<p class=\"MsoNormal\" style=\"margin: 0cm 0cm 10pt\">\u00a0<\/p>\n<p class=\"MsoNormal\" style=\"margin: 0cm 0cm 10pt\">\n<div><\/div>\n<p><span style=\"font-family: &quot;Verdana&quot;,&quot;sans-serif&quot;font-size\"><\/p>\n<p class=\"mceTemp\">\n<dl>\n<dt><a href=\"http:\/\/caravaning.si\/freelander\/files\/2011\/07\/slika0579.jpg\"><img loading=\"lazy\" decoding=\"async\" class=\"size-medium wp-image-1249\" src=\"http:\/\/caravaning.si\/freelander\/files\/2011\/07\/slika0579-600x450.jpg\" alt=\"Koper\" width=\"600\" height=\"450\" \/><\/a><\/dt>\n<dd>Koper<\/dd>\n<\/dl>\n<p class=\"MsoNormal\" style=\"margin: 0cm 0cm 10pt\">Od Kopra naprej za premikanje vlo\u017eim malce ve\u010d energije kot do sedaj saj sem svoj \u00bbdown hill\u00ab \u017ee pokuril. Vendar mi to ni noben problem saj sem zaradi dolgega spusta kar spo\u010dit ker je namesto nog v glavnem trpela rit. Edino frajer, ki se mi je usedel na \u00bbbelanco\u00ab in mi s fenom pihal v obraz mi je \u0161el krepko na \u017eivce <span style=\"font-family: Wingdings;font-size: 12pt\"><span>J<\/span><\/span><span style=\"font-family: &quot;Verdana&quot;,&quot;sans-serif&quot;font-size\">\u00a0 .<\/span><\/p>\n<p><span style=\"font-family: &quot;Verdana&quot;,&quot;sans-serif&quot;font-size\">Pi\u0161 vetra je bil namre\u010d tak kot iz vro\u010dega fena. Ob morju grem mimo \u017dusterne do Izole kjer ponovno zavijem na \u00bbparencano\u00ab <\/span><\/p>\n<div id=\"attachment_1250\" class=\"wp-caption alignnone\" style=\"width: 449px\"><a href=\"http:\/\/caravaning.si\/freelander\/files\/2011\/07\/slika0580.jpg\"><img loading=\"lazy\" decoding=\"async\" class=\"size-medium wp-image-1250\" src=\"http:\/\/caravaning.si\/freelander\/files\/2011\/07\/slika0580-449x600.jpg\" alt=\"The End\" width=\"449\" height=\"600\" \/><\/a><p class=\"wp-caption-text\">The End<\/p><\/div>\n<p>\u00a0<\/p>\n<p class=\"MsoNormal\" style=\"margin: 0cm 0cm 10pt\"><span style=\"font-family: &quot;Verdana&quot;,&quot;sans-serif&quot;font-size\">\u00a0<a href=\"http:\/\/caravaning.si\/freelander\/2010\/06\/porecanka-med-izolo-in-portorozem\/\">http:\/\/caravaning.si\/freelander\/2010\/06\/porecanka-med-izolo-in-portorozem\/<\/a><\/span><\/p>\n<p class=\"MsoNormal\" style=\"margin: 0cm 0cm 10pt\"><span style=\"font-family: &quot;Verdana&quot;,&quot;sans-serif&quot;font-size\">\u0160e dobro saj je vo\u017enja pod drevesnimi kro\u0161njami in v tunelih pravo olaj\u0161anje v primerjavi z temperaturo na ostalih predelih. <\/span><\/p>\n<div id=\"attachment_1251\" class=\"wp-caption alignnone\" style=\"width: 600px\"><a href=\"http:\/\/caravaning.si\/freelander\/files\/2011\/07\/slika0583.jpg\"><img loading=\"lazy\" decoding=\"async\" class=\"size-medium wp-image-1251\" src=\"http:\/\/caravaning.si\/freelander\/files\/2011\/07\/slika0583-600x450.jpg\" alt=\"Strunjanska dolina\" width=\"600\" height=\"450\" \/><\/a><p class=\"wp-caption-text\">Strunjanska dolina<\/p><\/div>\n<p class=\"MsoNormal\" style=\"margin: 0cm 0cm 10pt\">\u00a0<\/p>\n<div><\/div>\n<p><span style=\"font-family: &quot;Verdana&quot;,&quot;sans-serif&quot;font-size\"><\/p>\n<div id=\"attachment_1253\" class=\"wp-caption alignnone\" style=\"width: 449px\"><a href=\"http:\/\/caravaning.si\/freelander\/files\/2011\/07\/slika0584.jpg\"><img loading=\"lazy\" decoding=\"async\" class=\"size-medium wp-image-1253\" src=\"http:\/\/caravaning.si\/freelander\/files\/2011\/07\/slika0584-449x600.jpg\" alt=\"uuuu hladovina\" width=\"449\" height=\"600\" \/><\/a><p class=\"wp-caption-text\">uuuu hladovina<\/p><\/div>\n<p>\u00a0<\/p>\n<p><\/span><\/p>\n<p class=\"MsoNormal\" style=\"margin: 0cm 0cm 10pt\">Na mejnem prehodu opravim formalnosti in se zapodim v breg proti Bujam, kjer prvi\u010d pomislim, da sem prakti\u010dno na cilju.<\/p>\n<div id=\"attachment_1255\" class=\"wp-caption alignnone\" style=\"width: 600px\"><a href=\"http:\/\/caravaning.si\/freelander\/files\/2011\/07\/slika0588.jpg\"><img loading=\"lazy\" decoding=\"async\" class=\"size-medium wp-image-1255\" src=\"http:\/\/caravaning.si\/freelander\/files\/2011\/07\/slika0588-600x450.jpg\" alt=\"Tiho\u017eitje\" width=\"600\" height=\"450\" \/><\/a><p class=\"wp-caption-text\">Tiho\u017eitje<\/p><\/div>\n<p class=\"MsoNormal\" style=\"margin: 0cm 0cm 10pt\">\u00a0<\/p>\n<div><\/div>\n<p><span style=\"font-family: &quot;Verdana&quot;,&quot;sans-serif&quot;font-size\">Ko me pred Dajlo oblije hladen morski pi\u0161 pa to dejansko tudi za\u010dutim. Pi..a je \u017eivljenje lepo, \u010de ho\u010de, pomislim in zavrtim \u0161e zadnjih par km.\u00a0<\/p>\n<p><\/span><\/p>\n<div><\/div>\n<p><span style=\"font-family: &quot;Verdana&quot;,&quot;sans-serif&quot;font-size\"><\/p>\n<div id=\"attachment_1256\" class=\"wp-caption alignnone\" style=\"width: 600px\"><a href=\"http:\/\/caravaning.si\/freelander\/files\/2011\/07\/slika0595.jpg\"><img loading=\"lazy\" decoding=\"async\" class=\"size-medium wp-image-1256\" src=\"http:\/\/caravaning.si\/freelander\/files\/2011\/07\/slika0595-600x450.jpg\" alt=\"Tiho\u017eitje\" width=\"600\" height=\"450\" \/><\/a><p class=\"wp-caption-text\">Tiho\u017eitje<\/p><\/div>\n<p>Sprva skepti\u010den do 80km dolge ture, na koncu na cilj prispem z baterijami na full, saj sem tri urno pot taktiziral in hitrost prilagajal preostali zalogi mo\u010di. Prepri\u010dan sem, da bi v tistem trenutku zmogel \u0161e eno tako turo. Sploh pa sem se po parih zau\u017eitih\u00bbperih\u00ab v prvi vrsti ob morju po\u010dutil heroja. Edinole fen frajerja z belance bi nemudoma nekam odpihnil!<\/p>\n<p>\u00a0<\/p>\n<p>\u00a0<\/p>\n<p><\/span><\/p>\n<p><\/span><\/p>\n","protected":false},"excerpt":{"rendered":"<p>\u00a0 Ker se mi je nepredvideno odprla luknja priliko izkoristim za kolesarsko turo. Moja dva sta \u017ee situirana v Novigradu in s kolesom se zapeljem do njiju. \u010ce bi mi nekdo pred parimi leti omenil, da gre s kolesom na morje, bi mislil, da se mu je v mo\u017eganih \u00bbskisalo\u00ab. O\u010ditno se \u00bbkisa\u00ab tudi meni! [&hellip;]<\/p>\n","protected":false},"author":2,"featured_media":0,"comment_status":"closed","ping_status":"closed","sticky":false,"template":"","format":"standard","meta":{"footnotes":""},"categories":[2],"tags":[],"class_list":["post-1260","post","type-post","status-publish","format-standard","hentry","category-bicikliranje"],"_links":{"self":[{"href":"http:\/\/caravaning.si\/freelander\/index.php?rest_route=\/wp\/v2\/posts\/1260","targetHints":{"allow":["GET"]}}],"collection":[{"href":"http:\/\/caravaning.si\/freelander\/index.php?rest_route=\/wp\/v2\/posts"}],"about":[{"href":"http:\/\/caravaning.si\/freelander\/index.php?rest_route=\/wp\/v2\/types\/post"}],"author":[{"embeddable":true,"href":"http:\/\/caravaning.si\/freelander\/index.php?rest_route=\/wp\/v2\/users\/2"}],"replies":[{"embeddable":true,"href":"http:\/\/caravaning.si\/freelander\/index.php?rest_route=%2Fwp%2Fv2%2Fcomments&post=1260"}],"version-history":[{"count":6,"href":"http:\/\/caravaning.si\/freelander\/index.php?rest_route=\/wp\/v2\/posts\/1260\/revisions"}],"predecessor-version":[{"id":1592,"href":"http:\/\/caravaning.si\/freelander\/index.php?rest_route=\/wp\/v2\/posts\/1260\/revisions\/1592"}],"wp:attachment":[{"href":"http:\/\/caravaning.si\/freelander\/index.php?rest_route=%2Fwp%2Fv2%2Fmedia&parent=1260"}],"wp:term":[{"taxonomy":"category","embeddable":true,"href":"http:\/\/caravaning.si\/freelander\/index.php?rest_route=%2Fwp%2Fv2%2Fcategories&post=1260"},{"taxonomy":"post_tag","embeddable":true,"href":"http:\/\/caravaning.si\/freelander\/index.php?rest_route=%2Fwp%2Fv2%2Ftags&post=1260"}],"curies":[{"name":"wp","href":"https:\/\/api.w.org\/{rel}","templated":true}]}}