{"id":1242,"date":"2011-07-03T23:06:56","date_gmt":"2011-07-03T22:06:56","guid":{"rendered":"http:\/\/caravaning.si\/freelander\/?p=1242"},"modified":"2013-11-13T13:36:39","modified_gmt":"2013-11-13T12:36:39","slug":"istrska-kajla","status":"publish","type":"post","link":"http:\/\/caravaning.si\/freelander\/?p=1242","title":{"rendered":"Istrska kajla"},"content":{"rendered":"<p class=\"MsoNormal\" style=\"margin: 0cm 0cm 10pt\">\u00a0<\/p>\n<p class=\"MsoNormal\" style=\"margin: 0cm 0cm 10pt\"><span style=\"font-family: &quot;Verdana&quot;,&quot;sans-serif&quot;font-size\">Zadnji\u010d so foruma\u0161ki kolegi v okolici LJ \u0161pi\u010dili klobaso. No, js sem tokrat poizku\u0161al o\u0161pi\u010diti\u00a0\u00bbistrsko kajlo\u00ab (Novigrad, Umag, Plovanija, Buje, Novigrad).<\/span><\/p>\n<p class=\"MsoNormal\" style=\"margin: 0cm 0cm 10pt\"><span style=\"font-family: &quot;Verdana&quot;,&quot;sans-serif&quot;font-size\">\u017de ve\u010dkrat se si zadal, da bom opisano traso prevozil. Tokrat mi to tudi uspe. \u010ceprav je bila \u017eelja odriniti navsezgodaj zjutraj, so bila na sporedu najprej dru\u017einska opravila. Zato se na kolo usedem \u0161ele ob 10ih dopoldan, ko je sonce \u017ee zdavnaj vz\u0161lo.<\/span><\/p>\n<p class=\"MsoNormal\" style=\"margin: 0cm 0cm 10pt\"><span style=\"font-family: &quot;Verdana&quot;,&quot;sans-serif&quot;font-size\">Prvotno sem na\u010drtoval, da se med Umagom in Plovanijo zapeljem \u0161e v Savudrijo, vendar sem na kri\u017ei\u0161\u010du v Umagu \u00bbkiksnil\u00ab in zavil direkt za Plovanijo, zato je moja pot malce kraj\u0161a. Pa \u0161e dobro, saj me je vro\u010dina dodobra izdelala in tudi zaloge isostarja so za\u010dele usihati. Na predelih kjer je asfalt \u00bbfrezan\u00ab \u017ee ne vem ve\u010d ali se mi tako blede ali se \u017ee cel svet trese. Prav za prav te tresljaji vsaj zbudijo, \u010de \u017ee zaradi \u00bbdruzga\u00ab ne, ker \u00bbcvika\u0161\u00ab, da bo \u0161la guma v \u00bbmaloro\u00ab.<\/span><\/p>\n<p class=\"MsoNormal\" style=\"margin: 0cm 0cm 10pt\"><span style=\"font-family: &quot;Verdana&quot;,&quot;sans-serif&quot;font-size\">Sam pri sebi sem bil prepri\u010dan, da je trasa bolj ali manj ravninska, in dejansko tudi je, vendar imam ob\u010dutek, da se kljub vsemu kar naprej \u00bbcijazi\u0161\u00ab gor pa dol po enih klancih. Kakor koli, vro\u010dina je bila neznosna in \u010das za prevo\u017eenih 44km temu primeren. <\/span><\/p>\n<p class=\"MsoNormal\" style=\"margin: 0cm 0cm 10pt\"><span style=\"font-family: &quot;Verdana&quot;,&quot;sans-serif&quot;font-size\">Ker sem bil dobro pregret oz. kar skurjen, mi tudi hladno morje popoldan ni di\u0161alo preve\u010d, zato sem se mu na sre\u010do, kar uspe\u0161no izogibal <\/span><span style=\"font-family: Wingdings;font-size: 12pt\"><span>J<\/span><\/span><\/p>\n<p class=\"MsoNormal\" style=\"margin: 0cm 0cm 10pt\">\u00a0<\/p>\n<div id=\"attachment_1243\" class=\"wp-caption alignnone\" style=\"width: 600px\"><a href=\"http:\/\/caravaning.si\/freelander\/files\/2011\/07\/trasa-5.jpg\"><img loading=\"lazy\" decoding=\"async\" class=\"size-medium wp-image-1243\" src=\"http:\/\/caravaning.si\/freelander\/files\/2011\/07\/trasa-5-600x459.jpg\" alt=\"Istrska kajla\" width=\"600\" height=\"459\" \/><\/a><p class=\"wp-caption-text\">Istrska kajla<\/p><\/div>\n","protected":false},"excerpt":{"rendered":"<p>\u00a0 Zadnji\u010d so foruma\u0161ki kolegi v okolici LJ \u0161pi\u010dili klobaso. No, js sem tokrat poizku\u0161al o\u0161pi\u010diti\u00a0\u00bbistrsko kajlo\u00ab (Novigrad, Umag, Plovanija, Buje, Novigrad). \u017de ve\u010dkrat se si zadal, da bom opisano traso prevozil. Tokrat mi to tudi uspe. \u010ceprav je bila \u017eelja odriniti navsezgodaj zjutraj, so bila na sporedu najprej dru\u017einska opravila. Zato se na kolo [&hellip;]<\/p>\n","protected":false},"author":2,"featured_media":0,"comment_status":"closed","ping_status":"closed","sticky":false,"template":"","format":"standard","meta":{"footnotes":""},"categories":[2],"tags":[],"class_list":["post-1242","post","type-post","status-publish","format-standard","hentry","category-bicikliranje"],"_links":{"self":[{"href":"http:\/\/caravaning.si\/freelander\/index.php?rest_route=\/wp\/v2\/posts\/1242","targetHints":{"allow":["GET"]}}],"collection":[{"href":"http:\/\/caravaning.si\/freelander\/index.php?rest_route=\/wp\/v2\/posts"}],"about":[{"href":"http:\/\/caravaning.si\/freelander\/index.php?rest_route=\/wp\/v2\/types\/post"}],"author":[{"embeddable":true,"href":"http:\/\/caravaning.si\/freelander\/index.php?rest_route=\/wp\/v2\/users\/2"}],"replies":[{"embeddable":true,"href":"http:\/\/caravaning.si\/freelander\/index.php?rest_route=%2Fwp%2Fv2%2Fcomments&post=1242"}],"version-history":[{"count":4,"href":"http:\/\/caravaning.si\/freelander\/index.php?rest_route=\/wp\/v2\/posts\/1242\/revisions"}],"predecessor-version":[{"id":1245,"href":"http:\/\/caravaning.si\/freelander\/index.php?rest_route=\/wp\/v2\/posts\/1242\/revisions\/1245"}],"wp:attachment":[{"href":"http:\/\/caravaning.si\/freelander\/index.php?rest_route=%2Fwp%2Fv2%2Fmedia&parent=1242"}],"wp:term":[{"taxonomy":"category","embeddable":true,"href":"http:\/\/caravaning.si\/freelander\/index.php?rest_route=%2Fwp%2Fv2%2Fcategories&post=1242"},{"taxonomy":"post_tag","embeddable":true,"href":"http:\/\/caravaning.si\/freelander\/index.php?rest_route=%2Fwp%2Fv2%2Ftags&post=1242"}],"curies":[{"name":"wp","href":"https:\/\/api.w.org\/{rel}","templated":true}]}}