{"id":1231,"date":"2011-06-28T23:08:26","date_gmt":"2011-06-28T22:08:26","guid":{"rendered":"http:\/\/caravaning.si\/freelander\/?p=1231"},"modified":"2013-11-13T13:36:47","modified_gmt":"2013-11-13T12:36:47","slug":"no-stress-on-cres","status":"publish","type":"post","link":"http:\/\/caravaning.si\/freelander\/?p=1231","title":{"rendered":"No stress on Cres"},"content":{"rendered":"<p class=\"MsoNormal\" style=\"text-align: justify;margin: 0cm 0cm 10pt\">\u00a0<\/p>\n<p class=\"MsoNormal\" style=\"text-align: justify;margin: 0cm 0cm 10pt\"><span style=\"font-family: &quot;Verdana&quot;,&quot;sans-serif&quot;font-size\">Kot \u017ee sam naslov pove bi v \u00bbleru\u00ab radi pre\u017eiveli podalj\u0161an vikend in se znebili negativne energije, ki se \u010dez teden nabere. Ker je kolega \u017ee parkiran na Cresu se odlo\u010dimo, da vikend pre\u017eivimo skupaj. \u010ceprav mi ideja o kampu Kova\u010dine <a href=\"http:\/\/www.camp-kovacine.com\/hr\/\">http:\/\/www.camp-kovacine.com\/hr\/<\/a> ne\u00a0di\u0161i preve\u010d,\u00a0se vseeno sprijaznim z usodo ker vem, da bomo lahko svoje lepe urice pre\u017eiveli stran od civilizacije, saj gre na\u0161 \u00bbgumi\u00ab z nami <\/span><span style=\"font-family: Wingdings;font-size: 12pt\"><span>J<\/span><\/span><span style=\"font-family: &quot;Verdana&quot;,&quot;sans-serif&quot;font-size\">.<\/span><\/p>\n<p class=\"MsoNormal\" style=\"text-align: justify;margin: 0cm 0cm 10pt\"><span style=\"font-family: &quot;Verdana&quot;,&quot;sans-serif&quot;font-size\">V petek zve\u010der se odpravimo proti Brestovi kjer tudi prespimo. Ker po 21ih trajekti ne vozijo ve\u010d, se spakiramo na parkiri\u0161\u010du in po\u010dakamo na prvi jutranji trajekt. Valovi, ki so brizgali po avtomobilih parkiranih tik ob morju so bili stra\u0161ni, zato je odlo\u010ditev o jutranjem trajektu na mestu saj morje ka\u017ee povsem drugo sliko. Razen parih debilov, ki debatirajo in motijo no\u010dni red in mir vse od treh pono\u010di do jutranjih ur, posebnosti \u010dez no\u010d ni bilo. <\/span><\/p>\n<div class=\"MsoNormal\" style=\"text-align: justify;margin: 0cm 0cm 10pt\"><span style=\"font-family: &quot;Verdana&quot;,&quot;sans-serif&quot;font-size\">V son\u010dno jutro nas prebudi jutranji vrve\u017e. Odhitim po karte za trajekt in<span>\u00a0 <\/span>pla\u010dam 290 kun (41 eur).<\/span><\/div>\n<div><\/div>\n<p><span style=\"font-family: &quot;Verdana&quot;,&quot;sans-serif&quot;font-size\"><\/p>\n<div id=\"attachment_1234\" class=\"wp-caption alignnone\" style=\"width: 600px\"><a href=\"http:\/\/caravaning.si\/freelander\/files\/2011\/06\/slika0558.jpg\"><img loading=\"lazy\" decoding=\"async\" class=\"size-medium wp-image-1234\" src=\"http:\/\/caravaning.si\/freelander\/files\/2011\/06\/slika0558-600x450.jpg\" alt=\"Pa gremo, kon\u010dno!\" width=\"600\" height=\"450\" \/><\/a><a href=\"http:\/\/caravaning.si\/freelander\/files\/2011\/06\/slika0558.jpg\"><\/a><p class=\"wp-caption-text\">Pa gremo, kon\u010dno!<\/p><\/div>\n<div><\/div>\n<p><span style=\"font-family: 12pt\"><\/p>\n<p class=\"MsoNormal\" style=\"text-align: justify;margin: 0cm 0cm 10pt\">\u00a0Ker se je vse skupaj hitro odvijalo smo ob 8ih \u017ee na izbrani lokaciji v kampu. Kmalu po pakiranju tudi \u017ee zaplujemo prvim dogodiv\u0161\u010dinam naproti.<\/p>\n<p>\u00a0<\/p>\n<p>\u00a0<\/p>\n<p>\u00a0<\/p>\n<p><\/span><\/span><\/p>\n<p class=\"MsoNormal\" style=\"text-align: justify;margin: 0cm 0cm 10pt\">\u00a0<\/p>\n<div id=\"attachment_1232\" class=\"wp-caption alignnone\" style=\"width: 600px\"><a href=\"http:\/\/caravaning.si\/freelander\/files\/2011\/06\/slika0571.jpg\"><img loading=\"lazy\" decoding=\"async\" class=\"size-medium wp-image-1232\" src=\"http:\/\/caravaning.si\/freelander\/files\/2011\/06\/slika0571-600x450.jpg\" alt=\"Na vhodu v Kova\u010dine\" width=\"600\" height=\"450\" \/><\/a><p class=\"wp-caption-text\">Na vhodu v Kova\u010dine<\/p><\/div>\n<p class=\"MsoNormal\" style=\"text-align: justify;margin: 0cm 0cm 10pt\">\u00a0<\/p>\n<p class=\"MsoNormal\" style=\"text-align: justify;margin: 0cm 0cm 10pt\"><span style=\"font-family: &quot;Verdana&quot;,&quot;sans-serif&quot;font-size\">Da smo ujeli tri prekrasne son\u010dne dni je bila pa\u010d sre\u010da, mrzlo morje pa ravno obratno. Pa saj na Cresu tako ni kaj drugega pri\u010dakovati. Prvi dan sem se po\u010dutil, kot da bi skakal v hladni \u00bb\u0161pricer\u00ab.<\/span><span style=\"font-family: &quot;Verdana&quot;,&quot;sans-serif&quot;font-size\">\u00a0Ta malmu pa to (mrzlo morje) ni povzro\u010dalo te\u017eav, zato je maksimalno u\u017eival. No, midva pa tudi! <\/span><\/p>\n<div id=\"attachment_1233\" class=\"wp-caption alignnone\" style=\"width: 600px\"><a href=\"http:\/\/caravaning.si\/freelander\/files\/2011\/06\/slika0563.jpg\"><img loading=\"lazy\" decoding=\"async\" class=\"size-medium wp-image-1233\" src=\"http:\/\/caravaning.si\/freelander\/files\/2011\/06\/slika0563-600x450.jpg\" alt=\"Idila po moje\" width=\"600\" height=\"450\" \/><\/a><p class=\"wp-caption-text\">Idila po moje<\/p><\/div>\n<p class=\"MsoNormal\" style=\"text-align: justify;margin: 0cm 0cm 10pt\">\u00a0<\/p>\n<p class=\"MsoNormal\" style=\"text-align: justify;margin: 0cm 0cm 10pt\"><span style=\"font-family: &quot;Verdana&quot;,&quot;sans-serif&quot;font-size\">Naslednje dni je tudi morje pridobilo na temperaturi kar je \u0161e dodatno pripomoglo k idili ali pa smo se na \u00bb\u0161pricer\u00ab preprosto navadili. Dnevi so be\u017eali in le redko se mi zgodi, da \u010dez vikend pozabim na slu\u017ebene in ostale te\u017eave ter tegobe, vendar tokrat sem. Idealno vreme, razpolo\u017eenje in dobra dru\u017eba so k temu prav gotovo v veliki meri pripomogli.<\/span><\/p>\n<div id=\"attachment_1235\" class=\"wp-caption alignnone\" style=\"width: 600px\"><a href=\"http:\/\/caravaning.si\/freelander\/files\/2011\/06\/slika0565.jpg\"><img loading=\"lazy\" decoding=\"async\" class=\"size-medium wp-image-1235\" src=\"http:\/\/caravaning.si\/freelander\/files\/2011\/06\/slika0565-600x450.jpg\" alt=\"Idila \u0161e enkrat\" width=\"600\" height=\"450\" \/><\/a><p class=\"wp-caption-text\">Idila \u0161e enkrat<\/p><\/div>\n<p class=\"MsoNormal\" style=\"text-align: justify;margin: 0cm 0cm 10pt\">\u00a0<\/p>\n<p class=\"MsoNormal\" style=\"text-align: justify;margin: 0cm 0cm 10pt\"><span style=\"font-family: &quot;Verdana&quot;,&quot;sans-serif&quot;font-size\">Kar \u017eal nam je, da moramo v torek \u017ee spakirati, zato se z gumijem \u0161ele ob 12ih vra\u010damo v marino, nakar v slabi uri v kamper spakiramo vse s \u010dolnom vred. Pri tem opravilu je tokrat pomagala cela dru\u017eina, kar je sicer redkost, tako, da smo za las \u0161e ulovili trajekt ob 13:30. <\/span><\/p>\n<p class=\"MsoNormal\" style=\"text-align: justify;margin: 0cm 0cm 10pt\"><span style=\"font-family: &quot;Verdana&quot;,&quot;sans-serif&quot;font-size\">Nasvet: pri planiranju odhoda odsvetujem vo\u017enjo v zadnjem trenutku, kot se je to pripetilo nam, saj smo na najo\u017ejem par kilometrskem predelu ceste od Beli do Porozine, samo za las zgre\u0161ili celotno \u00bbkolono\u00ab vozil iz ravno prispelega trajekta. <\/span><\/p>\n<p class=\"MsoNormal\" style=\"text-align: justify;margin: 0cm 0cm 10pt\"><span style=\"font-family: &quot;Verdana&quot;,&quot;sans-serif&quot;font-size\">Ker smo bili \u0161e dovolj zgodnji smo pokukali v Mo\u0161\u010deni\u0161ko Drago in njeno mestno pla\u017eo, ki je pravo nasprotje neobljudenih zaliv\u010dkov na Cresu. Tudi to dejstvo (gu\u017eva) je botrovalo, k temu da smo kaj hitro krenili proti domu. Cesta od Mo\u0161\u010deni\u0161ke Drage do Opatije z vsemi zalivi, vilami in parki, v resnici zelo spominja na okolico v bli\u017eini Portofina, ki smo ga obiskali v aprilu.<\/span><\/p>\n<p class=\"MsoNormal\" style=\"text-align: justify;margin: 0cm 0cm 10pt\"><span style=\"font-family: &quot;Verdana&quot;,&quot;sans-serif&quot;font-size\">In \u0161e sklepna misel: otok Cres nas je o\u010daral s svojimi malimi zaliv\u010dki, kristalno \u010distim morjem in urejenim mestom. O kampu nebi izgubljal besed, saj je ta za mene nujno zlo, pa \u010deprav ponuja vse \u00bbkomoditete\u00ab od wifi-ja, dobro zalo\u017eene trgovine, zglednih sanitarij, industrijsko urejene pla\u017ee, marine, neposredne pe\u0161 ali kolesarske povezave s Cresom itd., kjer me \u0161e najbolj moti industrijsko urejena pla\u017ea in prisotnost ku\u017ekov, katerih je tam res veliko. Namre\u010d, enega lastnika sem skoraj \u00bbnakuril\u00ab ker se je pes kopal v marini, ki pa je blizu pla\u017ee namenjeni ljudem. \u0160e dobro, da sem tokrat dr\u017eal gobec, ker je v bli\u017eini znak, ki to dovoljuje. <\/span><\/p>\n<div id=\"attachment_1236\" class=\"wp-caption alignnone\" style=\"width: 600px\"><a href=\"http:\/\/caravaning.si\/freelander\/files\/2011\/06\/slika0572.jpg\"><img loading=\"lazy\" decoding=\"async\" class=\"size-medium wp-image-1236\" src=\"http:\/\/caravaning.si\/freelander\/files\/2011\/06\/slika0572-600x450.jpg\" alt=\"Pasja pla\u017ea in &quot;marina&quot;\" width=\"600\" height=\"450\" \/><\/a><p class=\"wp-caption-text\">Pasja pla\u017ea in <\/p><\/div>\n<p class=\"MsoNormal\" style=\"text-align: justify;margin: 0cm 0cm 10pt\">\u00a0<\/p>\n<p class=\"MsoNormal\" style=\"text-align: justify;margin: 0cm 0cm 10pt\"><span style=\"font-family: &quot;Verdana&quot;,&quot;sans-serif&quot;font-size\">Velik plus, ki ga podelim je za no\u010dni mir, saj ni bilo bli\u017enje restavracije, kjer bi se muzikant ob treh pono\u010di v mikrofon <span>\u00a0<\/span>drl \u00bbjo\u0161 jedno za konobarja\u00ab. Ker zve\u010der grem js spat in ne poslu\u0161at no\u010dno rajanje tja do onemoglosti. <\/span><\/p>\n<p class=\"MsoNormal\" style=\"text-align: justify;margin: 0cm 0cm 10pt\"><span style=\"font-family: &quot;Verdana&quot;,&quot;sans-serif&quot;font-size\">Pa \u0161e vpra\u0161anje ali zapisani naslov odtehta ovinkasto cesto, trajekt\u2026? Definitivno da! Vendar se osebno na Cres brez gumenjaka prav gotovo ne vrnem ve\u010d. Ta je namre\u010d dodal tisto piko na i ali \u010de\u0161njo na torto, da naslov v celoti dr\u017ei torej \u00bbno stress on Cres\u00ab.<\/span><\/p>\n<p class=\"MsoNormal\" style=\"text-align: justify;margin: 0cm 0cm 10pt\"><span style=\"font-family: &quot;Verdana&quot;,&quot;sans-serif&quot;font-size\">\u00a0<\/span><\/p>\n<p class=\"MsoNormal\" style=\"text-align: justify;margin: 0cm 0cm 10pt\"><span style=\"font-family: &quot;Verdana&quot;,&quot;sans-serif&quot;font-size\">Statistika:<\/span><\/p>\n<p class=\"MsoNormal\" style=\"text-align: justify;margin: 0cm 0cm 10pt\"><span style=\"font-family: &quot;Verdana&quot;,&quot;sans-serif&quot;font-size\">Trajet: 2x 290 kun (81 eur)<\/span><\/p>\n<p class=\"MsoNormal\" style=\"text-align: justify;margin: 0cm 0cm 10pt\"><span style=\"font-family: &quot;Verdana&quot;,&quot;sans-serif&quot;font-size\">Kamp: 77 eur<\/span><\/p>\n<p class=\"MsoNormal\" style=\"text-align: justify;margin: 0cm 0cm 10pt\"><span style=\"font-family: &quot;Verdana&quot;,&quot;sans-serif&quot;font-size\">Privez gumenjak 3m: 18 eur<\/span><\/p>\n<p class=\"MsoNormal\" style=\"text-align: justify;margin: 0cm 0cm 10pt\"><span style=\"font-family: &quot;Verdana&quot;,&quot;sans-serif&quot;font-size\">Ostalo: 2x toliko kolikor sem planiral ampak je bilo vredno!<\/span><\/p>\n","protected":false},"excerpt":{"rendered":"<p>\u00a0 Kot \u017ee sam naslov pove bi v \u00bbleru\u00ab radi pre\u017eiveli podalj\u0161an vikend in se znebili negativne energije, ki se \u010dez teden nabere. Ker je kolega \u017ee parkiran na Cresu se odlo\u010dimo, da vikend pre\u017eivimo skupaj. \u010ceprav mi ideja o kampu Kova\u010dine http:\/\/www.camp-kovacine.com\/hr\/ ne\u00a0di\u0161i preve\u010d,\u00a0se vseeno sprijaznim z usodo ker vem, da bomo lahko svoje [&hellip;]<\/p>\n","protected":false},"author":2,"featured_media":0,"comment_status":"closed","ping_status":"closed","sticky":false,"template":"","format":"standard","meta":{"footnotes":""},"categories":[3,5,7],"tags":[],"class_list":["post-1231","post","type-post","status-publish","format-standard","hentry","category-dopusti","category-kampi","category-poletje"],"_links":{"self":[{"href":"http:\/\/caravaning.si\/freelander\/index.php?rest_route=\/wp\/v2\/posts\/1231","targetHints":{"allow":["GET"]}}],"collection":[{"href":"http:\/\/caravaning.si\/freelander\/index.php?rest_route=\/wp\/v2\/posts"}],"about":[{"href":"http:\/\/caravaning.si\/freelander\/index.php?rest_route=\/wp\/v2\/types\/post"}],"author":[{"embeddable":true,"href":"http:\/\/caravaning.si\/freelander\/index.php?rest_route=\/wp\/v2\/users\/2"}],"replies":[{"embeddable":true,"href":"http:\/\/caravaning.si\/freelander\/index.php?rest_route=%2Fwp%2Fv2%2Fcomments&post=1231"}],"version-history":[{"count":7,"href":"http:\/\/caravaning.si\/freelander\/index.php?rest_route=\/wp\/v2\/posts\/1231\/revisions"}],"predecessor-version":[{"id":1238,"href":"http:\/\/caravaning.si\/freelander\/index.php?rest_route=\/wp\/v2\/posts\/1231\/revisions\/1238"}],"wp:attachment":[{"href":"http:\/\/caravaning.si\/freelander\/index.php?rest_route=%2Fwp%2Fv2%2Fmedia&parent=1231"}],"wp:term":[{"taxonomy":"category","embeddable":true,"href":"http:\/\/caravaning.si\/freelander\/index.php?rest_route=%2Fwp%2Fv2%2Fcategories&post=1231"},{"taxonomy":"post_tag","embeddable":true,"href":"http:\/\/caravaning.si\/freelander\/index.php?rest_route=%2Fwp%2Fv2%2Ftags&post=1231"}],"curies":[{"name":"wp","href":"https:\/\/api.w.org\/{rel}","templated":true}]}}