{"id":1223,"date":"2010-06-15T21:10:48","date_gmt":"2010-06-15T20:10:48","guid":{"rendered":"http:\/\/caravaning.si\/freelander\/?p=1223"},"modified":"2013-11-13T13:39:23","modified_gmt":"2013-11-13T12:39:23","slug":"porecanka-med-izolo-in-portorozem","status":"publish","type":"post","link":"http:\/\/caravaning.si\/freelander\/?p=1223","title":{"rendered":"Pore\u010danka med Izolo in Portoro\u017eem"},"content":{"rendered":"<p class=\"MsoNormal\" style=\"text-align: justify;margin: 0cm 0cm 10pt\">\u00a0<\/p>\n<p class=\"MsoNormal\" style=\"text-align: justify;margin: 0cm 0cm 10pt\"><span style=\"font-family: &quot;Verdana&quot;,&quot;sans-serif&quot;font-size\">Najverjetneje vsi poznamo Parencano <span>\u00a0<\/span>ali pa tudi ne <a href=\"http:\/\/sl.wikipedia.org\/wiki\/Pore%C4%8Danka\">http:\/\/sl.wikipedia.org\/wiki\/Pore%C4%8Danka<\/a> <\/span><\/p>\n<p class=\"MsoNormal\" style=\"text-align: justify;margin: 0cm 0cm 10pt\"><span style=\"font-family: &quot;Verdana&quot;,&quot;sans-serif&quot;font-size\">Parencana ali Pore\u010danka je bila \u017eelezni\u0161ka povezava med Trstom in Pore\u010dem, ki je bila izgrajena na za\u010detku dvajsetega stoletja. <span>\u00a0<\/span>\u010ceprav je bila \u017eelezni\u0161ka povezava vzpostavljena pribli\u017eno 33 let, se nikoli ni prijela kot glavno prevozno sredstvo, saj so si karto lahko privo\u0161\u010dili le premo\u017enej\u0161i. Nenazadnje je bil vzrok za zaprtje ravno njena nerentabilnost ali pa samo \u017elehtnoba takratnih Italijanskih upravljalcev.<\/span><\/p>\n<p class=\"MsoNormal\" style=\"text-align: justify;margin: 0cm 0cm 10pt\"><span style=\"font-family: &quot;Verdana&quot;,&quot;sans-serif&quot;font-size\">Kaj nam je od Parencane ostalo danes? <\/span><\/p>\n<p class=\"MsoNormal\" style=\"text-align: justify;margin: 0cm 0cm 10pt\"><span style=\"font-family: &quot;Verdana&quot;,&quot;sans-serif&quot;font-size\">Na Slovenskem ozemlju skoraj v celoti urejena kolesarska pot, ki sem jo za enkrat imel priliko prevoziti le med Izolo in Lucijo, ostalo pa imamo namen prevoziti kasneje. Na trasi se \u010dlovek po\u010duti kar <span>\u00a0<\/span>varno in v Portoro\u017eu ali Luciji se iz Izole znajde kot bi mignil, saj pretiranih vzponov ni, pot pa dva predora prav gotovo olaj\u0161ata. Skupna dol\u017eina med hotelom Delfin v Izoli\u00a0in Portoro\u0161kim amfiteatrom je okoli 7 km.<\/span><\/p>\n<p>\u00a0<\/p>\n<div id=\"attachment_1224\" class=\"wp-caption alignnone\" style=\"width: 600px\"><a href=\"http:\/\/caravaning.si\/freelander\/files\/2011\/06\/trasa3.jpg\"><img loading=\"lazy\" decoding=\"async\" class=\"size-medium wp-image-1224\" src=\"http:\/\/caravaning.si\/freelander\/files\/2011\/06\/trasa3-600x480.jpg\" alt=\"Izola via Portoro\u017e\" width=\"600\" height=\"480\" \/><\/a><p class=\"wp-caption-text\">Izola via Portoro\u017e<\/p><\/div>\n<p>\u00a0<\/p>\n<p class=\"MsoNormal\" style=\"text-align: justify;margin: 0cm 0cm 10pt\">\u00a0<\/p>\n","protected":false},"excerpt":{"rendered":"<p>\u00a0 Najverjetneje vsi poznamo Parencano \u00a0ali pa tudi ne http:\/\/sl.wikipedia.org\/wiki\/Pore%C4%8Danka Parencana ali Pore\u010danka je bila \u017eelezni\u0161ka povezava med Trstom in Pore\u010dem, ki je bila izgrajena na za\u010detku dvajsetega stoletja. \u00a0\u010ceprav je bila \u017eelezni\u0161ka povezava vzpostavljena pribli\u017eno 33 let, se nikoli ni prijela kot glavno prevozno sredstvo, saj so si karto lahko privo\u0161\u010dili le premo\u017enej\u0161i. Nenazadnje [&hellip;]<\/p>\n","protected":false},"author":2,"featured_media":0,"comment_status":"closed","ping_status":"closed","sticky":false,"template":"","format":"standard","meta":{"footnotes":""},"categories":[2],"tags":[],"class_list":["post-1223","post","type-post","status-publish","format-standard","hentry","category-bicikliranje"],"_links":{"self":[{"href":"http:\/\/caravaning.si\/freelander\/index.php?rest_route=\/wp\/v2\/posts\/1223","targetHints":{"allow":["GET"]}}],"collection":[{"href":"http:\/\/caravaning.si\/freelander\/index.php?rest_route=\/wp\/v2\/posts"}],"about":[{"href":"http:\/\/caravaning.si\/freelander\/index.php?rest_route=\/wp\/v2\/types\/post"}],"author":[{"embeddable":true,"href":"http:\/\/caravaning.si\/freelander\/index.php?rest_route=\/wp\/v2\/users\/2"}],"replies":[{"embeddable":true,"href":"http:\/\/caravaning.si\/freelander\/index.php?rest_route=%2Fwp%2Fv2%2Fcomments&post=1223"}],"version-history":[{"count":4,"href":"http:\/\/caravaning.si\/freelander\/index.php?rest_route=\/wp\/v2\/posts\/1223\/revisions"}],"predecessor-version":[{"id":1596,"href":"http:\/\/caravaning.si\/freelander\/index.php?rest_route=\/wp\/v2\/posts\/1223\/revisions\/1596"}],"wp:attachment":[{"href":"http:\/\/caravaning.si\/freelander\/index.php?rest_route=%2Fwp%2Fv2%2Fmedia&parent=1223"}],"wp:term":[{"taxonomy":"category","embeddable":true,"href":"http:\/\/caravaning.si\/freelander\/index.php?rest_route=%2Fwp%2Fv2%2Fcategories&post=1223"},{"taxonomy":"post_tag","embeddable":true,"href":"http:\/\/caravaning.si\/freelander\/index.php?rest_route=%2Fwp%2Fv2%2Ftags&post=1223"}],"curies":[{"name":"wp","href":"https:\/\/api.w.org\/{rel}","templated":true}]}}