{"id":1141,"date":"2009-05-12T19:51:03","date_gmt":"2009-05-12T18:51:03","guid":{"rendered":"http:\/\/caravaning.si\/freelander\/?p=1141"},"modified":"2013-11-13T13:40:08","modified_gmt":"2013-11-13T12:40:08","slug":"dalmacija-espresso-velika-noc-2009","status":"publish","type":"post","link":"http:\/\/caravaning.si\/freelander\/?p=1141","title":{"rendered":"Dalmacija Espresso (Velika no\u010d 2009)"},"content":{"rendered":"<p class=\"MsoNormal\" style=\"margin: 0cm 0cm 0pt\"><span style=\"font-family: Verdana\"><span style=\"font-size: small\">Prazniki so pred vrati in\u00a0mi gremo v Dalmacijo. Ni\u010d posebnega ni bilo v planu, le slapove Krke smo si \u017eeleli ogledati in napolniti baterije.<\/span><\/span><\/p>\n<p class=\"MsoNormal\" style=\"margin: 0cm 0cm 0pt\"><span style=\"font-family: Verdana\"><span style=\"font-size: small\">\u00a0<\/span><\/span><\/p>\n<p class=\"MsoNormal\" style=\"margin: 0cm 0cm 0pt\"><strong><span style=\"font-family: Verdana\"><span style=\"font-size: small\">Sobota:<\/span><\/span><\/strong><\/p>\n<p class=\"MsoNormal\" style=\"margin: 0cm 0cm 0pt\"><span style=\"font-size: small\"><span style=\"font-family: Verdana\">V soboto se pozno popoldan spokamo od hi\u0161e, na easy se peljemo mimo Reke, po stari magistrali gremo mimo Senja, Karlobaga do N.P. Paklenica, kjer imam vo\u017enje dovolj zato zavijem v kamp <a href=\"http:\/\/www.campingcard.co.uk\/gb\/en\/europe\/croatia\/zadar\/campsite-paklenica-105235\/\">http:\/\/www.campingcard.co.uk\/gb\/en\/europe\/croatia\/zadar\/campsite-paklenica-105235\/<\/a> . No vsaj tako sem mislil, saj sem vhod zgre\u0161il in zavil v zaprt sosednji kamp. Vseeno parkiram in zastonj prespimo, \u0161e bolje <\/span><span style=\"font-family: Wingdings\"><span>J<\/span><\/span><\/span><\/p>\n<p class=\"MsoNormal\" style=\"margin: 0cm 0cm 0pt\">\n<div class=\"MsoNormal\" style=\"margin: 0cm 0cm 0pt\"><span style=\"font-family: Verdana\"><span style=\"font-size: small\">\u00a0<\/span><\/span><\/div>\n<p><span style=\"font-family: Verdana\"><span style=\"font-size: small\"><\/p>\n<div id=\"attachment_156\" class=\"wp-caption alignnone\" style=\"width: 600px\"><a href=\"http:\/\/caravaning.si\/freelander\/files\/2009\/04\/dsc006378.jpg\"><\/a>\u00a0<a href=\"http:\/\/caravaning.si\/freelander\/files\/2009\/04\/dsc006378.jpg\"><img loading=\"lazy\" decoding=\"async\" class=\"size-medium wp-image-156\" src=\"http:\/\/caravaning.si\/freelander\/files\/2009\/04\/dsc006378.jpg\" alt=\"Lahko no\u010d son\u010dek\" width=\"600\" height=\"450\" \/><\/a><p class=\"wp-caption-text\">Lahko no\u010d son\u010dek<\/p><\/div>\n<div><span style=\"font-family: Verdana\"><\/p>\n<div><\/div>\n<p><\/span><\/div>\n<p><span style=\"font-family: Verdana\"><span style=\"font-size: small\"><\/p>\n<p class=\"MsoNormal\" style=\"margin: 0cm 0cm 0pt\"><a href=\"http:\/\/caravaning.si\/freelander\/files\/2009\/04\/dsc006378.jpg\"><\/a><\/p>\n<p>\u00a0<\/p>\n<p><\/span><\/span><\/span><\/span>\n<\/p>\n<p class=\"MsoNormal\" style=\"margin: 0cm 0cm 0pt\">\u00a0<\/p>\n<p class=\"MsoNormal\" style=\"margin: 0cm 0cm 0pt\"><strong><span style=\"font-family: Verdana\"><span style=\"font-size: small\">Nedelja:<\/span><\/span><\/strong><\/p>\n<p class=\"MsoNormal\" style=\"margin: 0cm 0cm 0pt\"><span style=\"font-family: Verdana\"><span style=\"font-size: small\">Zjutraj vstanemo, zunaj vr\u017eem eno oko na zaprti kamp, ugotovim da je vse skupaj ena rev\u0161\u010dina, betonska pla\u017ea, bljak\u2026 Zapeljemo mimo Pakleni\u0161kega grabna in se pri Maslenici vklopimo na avtocesto do izvoza za Murter kjer se ustavimo, malce razhodimo, razgledamo in pokramljamo z doma\u010dini. \u017delja, da bi se zapeljal na Kornate odpade, saj Dalmatinci \u0161e spijo zimsko spanje, resnici na ljubo pa tudi turistov ni prav veliko. <\/span><\/span><\/p>\n<p><span style=\"font-family: Verdana\"><\/span><\/p>\n<p class=\"MsoNormal\" style=\"margin: 0cm 0cm 0pt\"><span style=\"font-family: Verdana\"><span style=\"font-size: small\">Odpravimo se naprej mimo \u0160ibenika v kamp Solaris <a href=\"http:\/\/www.eurocampings.co.uk\/en\/europe\/croatia\/%8aibenik\/campsite-solaris-101020\/\">http:\/\/www.eurocampings.co.uk\/en\/europe\/croatia\/%8aibenik\/campsite-solaris-101020\/<\/a> . Kamp je renoviran in urejen, parcele nudijo vodo, elektriko in fekalni izpust, vendar samo v bli\u017eini prve vrste. Kamp je skoraj prazen, le eni trije zgodnji pav\u0161alci veselo hitijo s postavljanjem prikolic in ostale krame. Kaj vidijo pav\u0161alci v 400km oddaljenem kampu, mi ni jasno. Parkiram v drugo vrsto, ker se v prvi vrsti \u0161e odvijajo gradbena dela. V neposredni bli\u017eini me\u0161alec, pesek, skrle\u2026 Razen morja je idila skoraj taka kot v slu\u017ebi. Tukaj sigurno ne bom pre\u017eivel svojega dopusta, mogo\u010de \u0161e kdaj dan ali dva.<\/span><\/span><\/p>\n<p class=\"MsoNormal\" style=\"margin: 0cm 0cm 0pt\"><span style=\"font-family: Verdana\"><span style=\"font-size: small\">Pole\u017eavamo, kuhamo, bicikliramo, na\u0161 mali zme\u010de v morje par kubikov kamenja. Popoldan potegne ni\u010d kaj prijeten jugo\u2026 zato \u0161e kar relax.<\/span><\/span><\/p>\n<p class=\"MsoNormal\" style=\"margin: 0cm 0cm 0pt\">\n<div class=\"MsoNormal\" style=\"margin: 0cm 0cm 0pt\"><span style=\"font-family: Verdana\"><span style=\"font-size: small\">\u00a0<\/span><\/span><\/div>\n<p><span style=\"font-family: Verdana\"><span style=\"font-size: small\"><\/p>\n<div id=\"attachment_158\" class=\"wp-caption alignnone\" style=\"width: 450px\"><a href=\"http:\/\/caravaning.si\/freelander\/files\/2009\/04\/dsc006444.jpg\"><img loading=\"lazy\" decoding=\"async\" class=\"size-medium wp-image-158\" src=\"http:\/\/caravaning.si\/freelander\/files\/2009\/04\/dsc006444.jpg\" alt=\"Recharging baterys\" width=\"450\" height=\"600\" \/><\/a><p class=\"wp-caption-text\">Recharging baterys<\/p><\/div>\n<div id=\"attachment_162\" class=\"wp-caption alignnone\" style=\"width: 600px\"><a href=\"http:\/\/caravaning.si\/freelander\/files\/2009\/04\/dsc006461.jpg\"><img loading=\"lazy\" decoding=\"async\" class=\"size-medium wp-image-162\" src=\"http:\/\/caravaning.si\/freelander\/files\/2009\/04\/dsc006461.jpg\" alt=\"Konoba\" width=\"600\" height=\"450\" \/><\/a><p class=\"wp-caption-text\">Konoba<\/p><\/div>\n<p>\u00a0<\/p>\n<p><\/span><\/span>\n<\/p>\n<p class=\"MsoNormal\" style=\"margin: 0cm 0cm 0pt\"><strong><span style=\"font-family: Verdana\"><span style=\"font-size: small\">Ponedeljek:<\/span><\/span><\/strong><\/p>\n<p class=\"MsoNormal\" style=\"margin: 0cm 0cm 0pt\"><span style=\"font-family: Verdana\"><span style=\"font-size: small\">Zjutraj de\u017e, torej izlet do slapov Krke odpade. Gremo do \u0160ibenika, se ustavimo pred trdnjavo in ker ni fraj parkiri\u0161\u010da (hvala Bla\u017eu za koordinate, ampak ker je parking precej majhen in prostora za parkiranje AD ni ravno veliko), \u0161e en \u010das kro\u017eimo, da si mestece bolje ogledamo. Ker ni ni\u010d posebnega kar bi pritegnilo na\u0161o pozornost, jo mahnemo do Primo\u0161tena. Vozimo ob \u010dudoviti obali, ki pa jo je pred leti prizadel hud po\u017ear. V bli\u017enji okolici \u017daburi\u010da \u0161e vedno odstranjujejo zoglenela debla. Spomin iz preteklosti o ko\u0161atih drevesih in smaragdnem morju zbledi. Smaragdno morje pa ostaja.<\/span><\/span><\/p>\n<p class=\"MsoNormal\" style=\"margin: 0cm 0cm 0pt\"><span style=\"font-family: Verdana\"><\/span><\/p>\n<p class=\"MsoNormal\" style=\"margin: 0cm 0cm 0pt\"><span style=\"font-family: Verdana\"><span style=\"font-size: small\">Kon\u010dno Primo\u0161ten kjer parkiram. Sprehodimo se v staro va\u0161ko jedro in se vzpnemo do cerkvice. Krasen razgled! <\/span><\/span><\/p>\n<div><span style=\"font-family: Verdana\"><\/span><\/div>\n<p><span style=\"font-family: Verdana\"><span style=\"font-size: small\"><\/p>\n<div id=\"attachment_168\" class=\"wp-caption alignnone\" style=\"width: 450px\"><a href=\"http:\/\/caravaning.si\/freelander\/files\/2009\/04\/dsc00666.jpg\"><img loading=\"lazy\" decoding=\"async\" class=\"size-medium wp-image-168\" src=\"http:\/\/caravaning.si\/freelander\/files\/2009\/04\/dsc00666.jpg\" alt=\"Gara\u010da\" width=\"450\" height=\"600\" \/><\/a><p class=\"wp-caption-text\">Gara\u010da<\/p><\/div>\n<p>\u00a0<\/p>\n<p><\/span><\/span><\/p>\n<div><span style=\"font-family: Verdana\"><\/span><\/div>\n<p><span style=\"font-family: Verdana\"><span style=\"font-size: small\"><\/p>\n<div id=\"attachment_170\" class=\"wp-caption alignnone\" style=\"width: 450px\"><a href=\"http:\/\/caravaning.si\/freelander\/files\/2009\/04\/dsc00672.jpg\"><img loading=\"lazy\" decoding=\"async\" class=\"size-medium wp-image-170\" src=\"http:\/\/caravaning.si\/freelander\/files\/2009\/04\/dsc00672.jpg\" alt=\"Cerkev v Primo\u0161tenu\" width=\"450\" height=\"600\" \/><\/a><p class=\"wp-caption-text\">Cerkev v Primo\u0161tenu<\/p><\/div>\n<p>\u00a0<\/p>\n<p><\/span><\/span><\/p>\n<p class=\"MsoNormal\" style=\"margin: 0cm 0cm 0pt\"><span style=\"font-family: Verdana\"><span style=\"font-size: small\">Dalmatinci se \u0161e prebujajo in po\u010dasi en za drugim odpirajo lokale. Ko zapu\u0161\u010damo osrednji trg zadonijo zvonovi na zvoniku, ki odbijejo dvanajsto uro. Izza vogala nas doma\u010din veselo povabi \u00bbdo\u0111ite, do\u0111ite na uskrsni doru\u010dak\u00ab. Gostoljubni, da nimam kaj re\u010dt, seveda smo se lepo zahvalili in odpeketali naprej. <\/span><\/span><\/p>\n<p class=\"MsoNormal\" style=\"margin: 0cm 0cm 0pt\"><span style=\"font-family: Verdana\"><span style=\"font-size: small\">Naslednja postojanka Rogoznica. Peljemo se \u010dez most, na Garminu pa \u010dez morje, nato zavijemo do marine. Pa\u0161a za o\u010di, jahturine si z malim z veseljem ogledava. Ker vreme ne obljublja ni\u010d dobrega gremo naprej do Trogirja. Ravno prispemo, ko se zunaj ulije de\u017e, na\u0161ega malega pa premaga utrujenost zato zaspi. Zaokro\u017eimo na \u010ciovo, ko sklenemo, da v de\u017eju zunaj nimamo kaj po\u010deti. \u0160e sadje na Trogirski tr\u017enici je v de\u017eju zgledalo kislo. Po razsuti cesti se vrnemo nazaj v Rogoznico, kjer pred marino parkiramo <a href=\"http:\/\/maps.google.com\/maps?f=q&amp;source=s_q&amp;hl=sl&amp;q=43.533492,+15.964186&amp;vps=5&amp;jsv=154c&amp;sll=43.532807,15.964744&amp;sspn=0.00644,0.010836&amp;ie=UTF8&amp;split=0&amp;geocode=FbREmAIdGpjzAA\">http:\/\/maps.google.com\/maps?f=q&amp;source=s_q&amp;hl=sl&amp;q=43.533492,+15.964186&amp;vps=5&amp;jsv=154c&amp;sll=43.532807,15.964744&amp;sspn=0.00644,0.010836&amp;ie=UTF8&amp;split=0&amp;geocode=FbREmAIdGpjzAA<\/a>, v piceriji pove\u010derjamo, in gremo v mi\u017eale..<\/span><\/span><\/p>\n<p class=\"MsoNormal\" style=\"margin: 0cm 0cm 0pt\"><span style=\"font-family: Verdana\"><span style=\"font-size: small\">\u00a0<\/span><\/span><\/p>\n<p class=\"MsoNormal\" style=\"margin: 0cm 0cm 0pt\"><strong><span style=\"font-family: Verdana\"><span style=\"font-size: small\">Torek:<\/span><\/span><\/strong><\/p>\n<p class=\"MsoNormal\" style=\"margin: 0cm 0cm 0pt\"><span style=\"font-family: Verdana\"><span style=\"font-size: small\">Jupi sonce\u2026 Cilj-slapovi Krke!<\/span><\/span><\/p>\n<p class=\"MsoNormal\" style=\"margin: 0cm 0cm 0pt\"><span style=\"font-family: Verdana\"><span style=\"font-size: small\">Pla\u010damo vstopnino 160 kun za dva odrasla in se zapeljemo v N.P. Slapovi Krka.<\/span><\/span><\/p>\n<p class=\"MsoNormal\" style=\"margin: 0cm 0cm 0pt\"><span style=\"font-family: Verdana\"><span style=\"font-size: small\">Pri\u010dakoval sem samo slapove, a sem bil prijetno presene\u010den. Urejene poti, park, stara elektrarna, etno hi\u0161ke, notranji kamniti mlini za moko in ena \u00bbsorta\u00ab starinske kopalnice. Za povrh lepo son\u010dno vreme in primerna temperatura, v zraku vonj po vlagi in \u0161um po dero\u010di reki, \u017evrgole\u010di pti\u010dki in mir, mir, mir. Kaj bi hotel ve\u010d!<\/span><\/span><\/p>\n<p class=\"MsoNormal\" style=\"margin: 0cm 0cm 0pt\">\n<div class=\"MsoNormal\" style=\"margin: 0cm 0cm 0pt\"><span style=\"font-family: Verdana\"><span style=\"font-size: small\">\u00a0<\/span><\/span><\/div>\n<p><span style=\"font-family: Verdana\"><span style=\"font-size: small\"><\/p>\n<div id=\"attachment_185\" class=\"wp-caption alignnone\" style=\"width: 600px\"><a href=\"http:\/\/caravaning.si\/freelander\/files\/2009\/04\/dsc00111.jpg\"><img loading=\"lazy\" decoding=\"async\" class=\"size-medium wp-image-185\" src=\"http:\/\/caravaning.si\/freelander\/files\/2009\/04\/dsc00111.jpg\" alt=\"Etno vas\" width=\"600\" height=\"450\" \/><\/a><p class=\"wp-caption-text\">Etno vas<\/p><\/div>\n<div id=\"attachment_182\" class=\"wp-caption alignnone\" style=\"width: 600px\"><a href=\"http:\/\/caravaning.si\/freelander\/files\/2009\/04\/dsc00104.jpg\"><img loading=\"lazy\" decoding=\"async\" class=\"size-medium wp-image-182\" src=\"http:\/\/caravaning.si\/freelander\/files\/2009\/04\/dsc00104.jpg\" alt=\"Slapovi Krke\" width=\"600\" height=\"450\" \/><\/a><p class=\"wp-caption-text\">Slapovi Krke<\/p><\/div>\n<div id=\"attachment_208\" class=\"wp-caption alignnone\" style=\"width: 600px\"><a href=\"http:\/\/caravaning.si\/freelander\/files\/2009\/04\/dsc000881.jpg\"><img loading=\"lazy\" decoding=\"async\" class=\"size-medium wp-image-208\" src=\"http:\/\/caravaning.si\/freelander\/files\/2009\/04\/dsc000881.jpg\" alt=\"Slapovi Krke\" width=\"600\" height=\"450\" \/><\/a><p class=\"wp-caption-text\">Slapovi Krke<\/p><\/div>\n<p>\u00a0<\/p>\n<p><\/span><\/span>\n<\/p>\n<p class=\"MsoNormal\" style=\"margin: 0cm 0cm 0pt\"><span style=\"font-family: Verdana\"><span style=\"font-size: small\">Po parih urah relaxa nam zakruli v trebuhih zato kolikor se da hitro potegnemo na na\u0161e naslednje postajali\u0161\u010de. Pako\u0161tane ali Draga v kamp Oaza Mira <a href=\"http:\/\/www.oaza-mira.hr\/index.asp\">http:\/\/www.oaza-mira.hr\/index.asp<\/a> . Parkiram, zakajlam in spakiram kramo, ko \u017ee zadi\u0161i iz kuhinje\u2026mljask.<\/span><\/span><\/p>\n<div><span style=\"font-family: Verdana\"><\/span><\/div>\n<p><span style=\"font-family: Verdana\"><span style=\"font-size: small\"><\/p>\n<div id=\"attachment_188\" class=\"wp-caption alignnone\" style=\"width: 600px\"><a href=\"http:\/\/caravaning.si\/freelander\/files\/2009\/04\/dsc00116.jpg\"><img loading=\"lazy\" decoding=\"async\" class=\"size-medium wp-image-188\" src=\"http:\/\/caravaning.si\/freelander\/files\/2009\/04\/dsc00116.jpg\" alt=\"Pla\u017ea\" width=\"600\" height=\"450\" \/><\/a><p class=\"wp-caption-text\">Pla\u017ea<\/p><\/div>\n<p>\u00a0<\/p>\n<p><\/span><\/span><\/p>\n<div><span style=\"font-family: Verdana\"><\/span><\/div>\n<p><span style=\"font-family: Verdana\"><span style=\"font-size: small\"><\/p>\n<div id=\"attachment_192\" class=\"wp-caption alignnone\" style=\"width: 600px\"><a href=\"http:\/\/caravaning.si\/freelander\/files\/2009\/04\/dsc00139.jpg\"><img loading=\"lazy\" decoding=\"async\" class=\"size-medium wp-image-192\" src=\"http:\/\/caravaning.si\/freelander\/files\/2009\/04\/dsc00139.jpg\" alt=\"Bli\u017enji gri\u010d\" width=\"600\" height=\"450\" \/><\/a><p class=\"wp-caption-text\">Bli\u017enji gri\u010d<\/p><\/div>\n<p>\u00a0<\/p>\n<p><\/span><\/span><\/p>\n<p class=\"MsoNormal\" style=\"margin: 0cm 0cm 0pt\"><span style=\"font-family: Verdana\"><span style=\"font-size: small\">Oaza Mira je li\u010den razparceliran in terasiran kamp, kjer je vseeno potrebno kajlanje. Vsekakor se trudijo ustre\u010di gostom, no tako po Dalmatinsko. Receptorju sem moral dvakrat re\u010dt naj mi nekdo odpre omarico za elektriko, pa je bilo potrebno \u0161e malo po\u010dakati. Mislim, da bo kamp kmalu izgubil svojo mirno idilo, saj lastniki kamp nenehno \u0161irijo, razvijajo in modernizirajo, zato od miru verjetno ne bo ostalo prav ve\u010d veliko, pa tudi naravnih lepot ne, saj po filigransko kar z bagri spreminjajo pokrajino.<\/span><\/span><\/p>\n<p class=\"MsoNormal\" style=\"margin: 0cm 0cm 0pt\"><span style=\"font-family: Verdana\"><span style=\"font-size: small\">\u00a0<\/span><\/span><\/p>\n<p class=\"MsoNormal\" style=\"margin: 0cm 0cm 0pt\"><strong><span style=\"font-family: Verdana\"><span style=\"font-size: small\">Sreda:<\/span><\/span><\/strong><\/p>\n<p class=\"MsoNormal\" style=\"margin: 0cm 0cm 0pt\"><span style=\"font-family: Verdana\"><span style=\"font-size: small\">Nikakor se ne moremo spokati proti domu, v miru pole\u017eavamo in polnimo baterije. Z malim v \u010dudovito morje iz pomola me\u010deva kamenje. Na morskem dnu \u0161tejeva morske kumare in morske zvezde.<\/span><\/span><\/p>\n<p class=\"MsoNormal\" style=\"margin: 0cm 0cm 0pt\"><span style=\"font-family: Verdana\"><span style=\"font-size: small\">Ajd gremo\u2026 po ta stari do Zadra, po ta novi skozi predor Sv Rok, po Li\u010dki pustinji in vzhodni strani Velebita do Senja, kjer poli\u017eemo gelato, ko smo \u017ee skoraj doma!<\/span><\/span><\/p>\n<p class=\"MsoNormal\" style=\"margin: 0cm 0cm 0pt\"><span style=\"font-family: Verdana\"><span style=\"font-size: small\">\u00a0<\/span><\/span><\/p>\n<p class=\"MsoNormal\" style=\"margin: 0cm 0cm 0pt\"><span style=\"font-family: Verdana\"><span style=\"font-size: small\">Namen dopusta ni bil \u010dim ve\u010d videti ampak \u010dim bolj u\u017eivati in napolniti baterije. Osnovni namen in cilj sta bila dose\u017eena. Dalmacija mi je v tako kratkem \u010dasu ostala v lepem spominu, vsekakor sem vsaj po zgradbah-vilah sode\u010d dobil vtis, da ljudje ne \u017eivijo ravno slabo, tako kot mi je jamral urejeni penzionist na Murterju. Kolikor sem imel priliko spoznati ljudi sem mnenja, da so gostoljubni in precej flegmatski. Lahko bi rekel, da se jim za cel svet j..e, saj se sedaj bli\u017ea njihova sezona. \u010ceprav so se oni na to spomnili \u0161ele v\u010deraj in ugotovili, da je \u0161e veliko za po\u0161timati. Na vsakem koraku vabijo z kamp tablami, zato legalno preno\u010devanje v sezoni ni problem, le vpra\u0161anje \u017eelodca in okusa. V trgovini sem imel priliko spoznati tudi njihovo temperamentno stran, ko se \u00bbbakica\u00ab nikakor ni mogla sprijazniti, da je bila odprta samo ena blagajna, v vrsti pa nas je \u010dakalo kar pet strank. Kaj \u010dmo tako je v Dalmaciji, verjetno tudi pri nas marsikje ni veliko bolje\u2026 velikokrat je verjetno celo slab\u0161e.<\/span><\/span><\/p>\n<p class=\"MsoNormal\" style=\"margin: 0cm 0cm 0pt\"><span style=\"font-family: Verdana\"><span style=\"font-size: small\">\u00a0<\/span><\/span><\/p>\n<p class=\"MsoNormal\" style=\"margin: 0cm 0cm 0pt\"><span style=\"font-family: Verdana\"><span style=\"font-size: small\">\u00a0<\/span><\/span><\/p>\n<p class=\"MsoNormal\" style=\"margin: 0cm 0cm 0pt\"><span style=\"font-family: Verdana\"><span style=\"font-size: small\">Stro\u0161ki:<\/span><\/span><\/p>\n<p class=\"MsoNormal\" style=\"margin: 0cm 0cm 0pt\"><span style=\"font-family: Verdana\"><span style=\"font-size: small\">Avtocesta 1x 12 eur in1x 5 eur,<\/span><\/span><\/p>\n<p class=\"MsoNormal\" style=\"margin: 0cm 0cm 0pt\"><span style=\"font-family: Verdana\"><span style=\"font-size: small\">Kamp Solaris 22 eur,<\/span><\/span><\/p>\n<p class=\"MsoNormal\" style=\"margin: 0cm 0cm 0pt\"><span style=\"font-family: Verdana\"><span style=\"font-size: small\">Kamp Oaza Mira 15 eur,<\/span><\/span><\/p>\n<p class=\"MsoNormal\" style=\"margin: 0cm 0cm 0pt\"><span style=\"font-family: Verdana\"><span style=\"font-size: small\">Vstopnica Slapovi Krke 160 kun ali slabih 22 eur,<\/span><\/span><\/p>\n<p class=\"MsoNormal\" style=\"margin: 0cm 0cm 0pt\"><span style=\"font-family: Verdana\"><span style=\"font-size: small\">Prevozili smo dobrih 1000km,<\/span><\/span><\/p>\n<p class=\"MsoNormal\" style=\"margin: 0cm 0cm 0pt\"><span style=\"font-family: Verdana\"><span style=\"font-size: small\">Napolnil rezervoar po 6,44 kune\/l.<\/span><\/span><\/p>\n","protected":false},"excerpt":{"rendered":"<p>Prazniki so pred vrati in\u00a0mi gremo v Dalmacijo. Ni\u010d posebnega ni bilo v planu, le slapove Krke smo si \u017eeleli ogledati in napolniti baterije. \u00a0 Sobota: V soboto se pozno popoldan spokamo od hi\u0161e, na easy se peljemo mimo Reke, po stari magistrali gremo mimo Senja, Karlobaga do N.P. Paklenica, kjer imam vo\u017enje dovolj zato [&hellip;]<\/p>\n","protected":false},"author":2,"featured_media":0,"comment_status":"closed","ping_status":"closed","sticky":false,"template":"","format":"standard","meta":{"footnotes":""},"categories":[5],"tags":[],"class_list":["post-1141","post","type-post","status-publish","format-standard","hentry","category-kampi"],"_links":{"self":[{"href":"http:\/\/caravaning.si\/freelander\/index.php?rest_route=\/wp\/v2\/posts\/1141","targetHints":{"allow":["GET"]}}],"collection":[{"href":"http:\/\/caravaning.si\/freelander\/index.php?rest_route=\/wp\/v2\/posts"}],"about":[{"href":"http:\/\/caravaning.si\/freelander\/index.php?rest_route=\/wp\/v2\/types\/post"}],"author":[{"embeddable":true,"href":"http:\/\/caravaning.si\/freelander\/index.php?rest_route=\/wp\/v2\/users\/2"}],"replies":[{"embeddable":true,"href":"http:\/\/caravaning.si\/freelander\/index.php?rest_route=%2Fwp%2Fv2%2Fcomments&post=1141"}],"version-history":[{"count":3,"href":"http:\/\/caravaning.si\/freelander\/index.php?rest_route=\/wp\/v2\/posts\/1141\/revisions"}],"predecessor-version":[{"id":1616,"href":"http:\/\/caravaning.si\/freelander\/index.php?rest_route=\/wp\/v2\/posts\/1141\/revisions\/1616"}],"wp:attachment":[{"href":"http:\/\/caravaning.si\/freelander\/index.php?rest_route=%2Fwp%2Fv2%2Fmedia&parent=1141"}],"wp:term":[{"taxonomy":"category","embeddable":true,"href":"http:\/\/caravaning.si\/freelander\/index.php?rest_route=%2Fwp%2Fv2%2Fcategories&post=1141"},{"taxonomy":"post_tag","embeddable":true,"href":"http:\/\/caravaning.si\/freelander\/index.php?rest_route=%2Fwp%2Fv2%2Ftags&post=1141"}],"curies":[{"name":"wp","href":"https:\/\/api.w.org\/{rel}","templated":true}]}}