{"id":1125,"date":"2010-11-05T19:27:02","date_gmt":"2010-11-05T18:27:02","guid":{"rendered":"http:\/\/caravaning.si\/freelander\/?p=1125"},"modified":"2013-11-13T13:38:39","modified_gmt":"2013-11-13T12:38:39","slug":"hribcki-in-dolinceciprese-in-trte-toskana","status":"publish","type":"post","link":"http:\/\/caravaning.si\/freelander\/?p=1125","title":{"rendered":"(hrib\u010dki in dolince)+(ciprese in trte) = Toskana"},"content":{"rendered":"<div><span style=\"font-family: Verdana\"><span style=\"font-size: small\"><span style=\"font-family: Verdana\"><span style=\"font-size: small\"><span style=\"font-family: Verdana\"><span style=\"font-size: small\"><span style=\"font-family: Verdana\"><span style=\"font-size: small\">Po de\u017eevnem septembru in oktobru se je tudi pri nas nekaj premaknilo in obeta se nam zanimivej\u0161a destinacija na katero sem komaj \u010dakal.<\/span><\/span><\/span><\/span><\/span><\/span><\/span><\/span><\/div>\n<div><\/div>\n<div><span style=\"font-family: Verdana\"><\/span><\/div>\n<p><span style=\"font-family: Verdana\"><span style=\"font-size: small\"><\/p>\n<div id=\"attachment_849\" class=\"wp-caption alignnone\" style=\"width: 600px\"><a href=\"http:\/\/caravaning.si\/freelander\/files\/2010\/10\/dsc01552.jpg\"><img loading=\"lazy\" decoding=\"async\" class=\"size-medium wp-image-849\" src=\"http:\/\/caravaning.si\/freelander\/files\/2010\/10\/dsc01552-600x450.jpg\" alt=\"Dobrodo\u0161lica\" width=\"600\" height=\"450\" \/><\/a><p class=\"wp-caption-text\">Dobrodo\u0161lica<\/p><\/div>\n<div id=\"attachment_909\" class=\"wp-caption alignnone\" style=\"width: 600px\"><a href=\"http:\/\/caravaning.si\/freelander\/files\/2010\/11\/neimenovana.jpg\"><img loading=\"lazy\" decoding=\"async\" class=\"size-medium wp-image-909\" src=\"http:\/\/caravaning.si\/freelander\/files\/2010\/11\/neimenovana-600x397.jpg\" alt=\"na\u0161 giro\" width=\"600\" height=\"397\" \/><\/a><p class=\"wp-caption-text\">na\u0161 giro<\/p><\/div>\n<p><font face=\"Verdana\"><\/font><font size=\"3\">\u00a0<\/p>\n<p><\/font><\/span><font face=\"Verdana\">\u00a0<\/p>\n<p><\/font><\/span><span style=\"font-size: small\"><span style=\"font-size: small\"><span style=\"font-family: Verdana\"><span style=\"font-size: small\">Pod ve\u010der se pred nami kon\u010dno zari\u0161e svetlobni odsev Firenc. Ker imam v garminu staro karto zgre\u0161im prvi izvoz in z garminovo Mari\u010dko potrebujeva kar nekaj \u010dasa, da se pripeljeva do PZA-ja. Po mestu sem ter tja kro\u017eimo kar tri \u010detrt ure, ko na F.L.O.G. <strong>(43.795078, 11.247570)<\/strong> naposled le parkiramo. Odcolam 12 eur\/24h in se\u00a0odpravimo spat, ko sosed na levo zakurbla agregat, na desno pa se za\u010dne dreti sosedov pes. No, vse skupaj kmalu pojenja in zjutraj nas skoraj v centru Firenc prebudi pti\u010dje \u017evrgolenje.<\/span><\/span>\u00a0<\/p>\n<p><\/span><\/span><\/p>\n<p class=\"MsoNormal\" style=\"margin: 0cm 0cm 0pt\">\u00a0<\/p>\n<p class=\"MsoNormal\" style=\"margin: 0cm 0cm 0pt\"><span style=\"font-family: Verdana\"><span style=\"font-size: small\">\u00a0<\/span><\/span><\/p>\n<p class=\"MsoNormal\" style=\"margin: 0cm 0cm 0pt\"><span style=\"font-family: Verdana\"><span style=\"font-size: small\">Odpravimo se na mestni avtobus in ker v bli\u017eini ni trafike, za 6 eur kupimo ticket on board. \u017dal pa karta velja samo 90 min, tako da smo nazaj grede primorani kupiti \u0161e en paket kart, ki pa ga dobimo v trafiki za 1,2 eur po kosu. Avtobus \u0161t. 4 nas zapelje prakti\u010dno v center, od tam pa pe\u0161 nadaljujemo do mestnih znamenitosti ali v &#8220;centro storico&#8221;. Ko sem gledal karto mesta sem \u00bbcvikal\u00ab, da je vse skupaj preogromno, da bi prepe\u0161a\u010dili, vendar\u2026<\/span><\/span><\/p>\n<p class=\"MsoNormal\" style=\"margin: 0cm 0cm 0pt\">\u00a0<\/p>\n<p class=\"MsoNormal\" style=\"margin: 0cm 0cm 0pt\"><span style=\"font-family: Verdana\"><span style=\"font-size: small\">\u00a0<\/span><\/span><\/p>\n<p class=\"MsoNormal\" style=\"margin: 0cm 0cm 0pt\"><span style=\"font-family: Verdana\"><span style=\"font-size: small\">Kmalu najdemo krstilnico z zlatimi vrati v raj, nasproti pa je Duomo di Firenze.<\/span><\/span><\/p>\n<p class=\"MsoNormal\" style=\"margin: 0cm 0cm 0pt\">\u00a0<\/p>\n<p>\u00a0<\/p>\n<div><\/div>\n<div><span style=\"font-family: Verdana\"><\/span><\/div>\n<p><span style=\"font-family: Verdana\"><span style=\"font-size: small\"><\/p>\n<div id=\"attachment_843\" class=\"wp-caption alignnone\" style=\"width: 449px\"><a href=\"http:\/\/caravaning.si\/freelander\/files\/2010\/10\/dsc01434.jpg\"><img loading=\"lazy\" decoding=\"async\" class=\"size-medium wp-image-843\" src=\"http:\/\/caravaning.si\/freelander\/files\/2010\/10\/dsc01434-449x600.jpg\" alt=\"Duomo di Firenze\" width=\"449\" height=\"600\" \/><\/a><p class=\"wp-caption-text\">Duomo di Firenze<\/p><\/div>\n<p>\u00a0<\/p>\n<div><\/div>\n<div><span style=\"font-family: Verdana\"><\/span><\/div>\n<p><\/span><\/span><span style=\"font-family: Verdana\"><span style=\"font-size: small\"><\/p>\n<div id=\"attachment_844\" class=\"wp-caption alignnone\" style=\"width: 449px\"><a href=\"http:\/\/caravaning.si\/freelander\/files\/2010\/10\/dsc01391.jpg\"><img loading=\"lazy\" decoding=\"async\" class=\"size-medium wp-image-844\" src=\"http:\/\/caravaning.si\/freelander\/files\/2010\/10\/dsc01391-449x600.jpg\" alt=\"Duomo di Firenze\" width=\"449\" height=\"600\" \/><\/a><p class=\"wp-caption-text\">Duomo di Firenze<\/p><\/div>\n<p>\u00a0<\/p>\n<div><\/div>\n<div><span style=\"font-family: Verdana\"><\/span><\/div>\n<p><\/span><\/span><span style=\"font-family: Verdana\"><span style=\"font-size: small\"><\/p>\n<div id=\"attachment_845\" class=\"wp-caption alignnone\" style=\"width: 449px\"><a href=\"http:\/\/caravaning.si\/freelander\/files\/2010\/10\/dsc01385.jpg\"><img loading=\"lazy\" decoding=\"async\" class=\"size-medium wp-image-845\" src=\"http:\/\/caravaning.si\/freelander\/files\/2010\/10\/dsc01385-449x600.jpg\" alt=\"Vrata v raj\" width=\"449\" height=\"600\" \/><\/a><p class=\"wp-caption-text\">Vrata v raj<\/p><\/div>\n<div><span style=\"font-size: small\">\u00a0<\/span><span style=\"font-size: small\"><span style=\"font-family: Verdana\"><span style=\"font-family: Verdana\"><span style=\"font-size: small\">Nato Piazza della Signoria z znamenitim Davidovim kipom, ki se bohoti pred Palazzo Vechio. <\/span><\/span><\/span><\/span><\/div>\n<p>\u00a0<\/p>\n<p><\/span><\/span><\/p>\n<div><\/div>\n<div><span style=\"font-family: Verdana\"><\/span><\/div>\n<p><span style=\"font-family: Verdana\"><span style=\"font-size: small\"><\/p>\n<div id=\"attachment_848\" class=\"wp-caption alignnone\" style=\"width: 449px\"><a href=\"http:\/\/caravaning.si\/freelander\/files\/2010\/10\/dsc01433.jpg\"><img loading=\"lazy\" decoding=\"async\" class=\"size-medium wp-image-848\" src=\"http:\/\/caravaning.si\/freelander\/files\/2010\/10\/dsc01433-449x600.jpg\" alt=\"V ozadju palazzo Vechio z Davidom in Herkulom\" width=\"449\" height=\"600\" \/><\/a><p class=\"wp-caption-text\">V ozadju palazzo Vechio z Davidom in Herkulom<\/p><\/div>\n<p>\u00a0<\/p>\n<p><\/span><\/span><span style=\"font-family: Verdana\"><span style=\"font-size: small\"><\/p>\n<div id=\"attachment_847\" class=\"wp-caption alignnone\" style=\"width: 449px\"><a href=\"http:\/\/caravaning.si\/freelander\/files\/2010\/10\/dsc01407.jpg\"><img loading=\"lazy\" decoding=\"async\" class=\"size-medium wp-image-847\" src=\"http:\/\/caravaning.si\/freelander\/files\/2010\/10\/dsc01407-449x600.jpg\" alt=\"Notranjost palazzo vechio\" width=\"449\" height=\"600\" \/><\/a><p class=\"wp-caption-text\">Notranjost palazzo vechio<\/p><\/div>\n<p>\u00a0<\/p>\n<div><\/div>\n<div><span style=\"font-family: Verdana\"><\/span><\/div>\n<p><\/span><\/span><span style=\"font-family: Verdana\"><span style=\"font-size: small\"><\/p>\n<div id=\"attachment_846\" class=\"wp-caption alignnone\" style=\"width: 449px\"><a href=\"http:\/\/caravaning.si\/freelander\/files\/2010\/10\/dsc01404.jpg\"><img loading=\"lazy\" decoding=\"async\" class=\"size-medium wp-image-846\" src=\"http:\/\/caravaning.si\/freelander\/files\/2010\/10\/dsc01404-449x600.jpg\" alt=\"David\" width=\"449\" height=\"600\" \/><\/a><p class=\"wp-caption-text\">David<\/p><\/div>\n<div><span style=\"font-size: small\"><span style=\"font-family: Verdana\"><span style=\"font-family: Verdana\"><span style=\"font-size: small\">Pot je hotela da gremo mimo Gallerie degli Uffizi kjer so ob stebrih kipi prakti\u010dno vseh pomembnih ljudi, ki so tako ali druga\u010de pustili pe\u010dat v Firencah ali zgodovini. (Leonardo da Vinci, Gioto, Petrarcha, Boccaccio\u2026) Na Ponte Vecchiu se\u00a0mami za\u010dnejo cediti sline, vendar so cene oho-ho in \u0161ele v bli\u017enji pasticeriji lahko pote\u0161i svoj nakupovalni tek.<\/span><\/span><\/span>\u00a0\u00a0\u00a0<\/p>\n<p><\/span><\/div>\n<div><span style=\"font-family: Verdana\">\u00a0<\/span><span style=\"font-family: Verdana\">\u00a0<\/span><\/div>\n<p><\/span><\/span><\/p>\n<div><\/div>\n<div><span style=\"font-family: Verdana\"><\/span><\/div>\n<p><span style=\"font-family: Verdana\"><span style=\"font-size: small\"><\/p>\n<div id=\"attachment_850\" class=\"wp-caption alignnone\" style=\"width: 600px\"><a href=\"http:\/\/caravaning.si\/freelander\/files\/2010\/10\/dsc01420.jpg\"><img loading=\"lazy\" decoding=\"async\" class=\"size-medium wp-image-850\" src=\"http:\/\/caravaning.si\/freelander\/files\/2010\/10\/dsc01420-600x450.jpg\" alt=\"Ponte Vechio &quot;stari most&quot;\" width=\"600\" height=\"450\" \/><\/a><p class=\"wp-caption-text\">Ponte Vechio <\/p><\/div>\n<p>\u00a0<\/p>\n<div><\/div>\n<div><span style=\"font-family: Verdana\"><\/span><\/div>\n<p><\/span><\/span><span style=\"font-family: Verdana\"><span style=\"font-size: small\"><\/p>\n<div id=\"attachment_851\" class=\"wp-caption alignnone\" style=\"width: 600px\"><a href=\"http:\/\/caravaning.si\/freelander\/files\/2010\/10\/dsc01428.jpg\"><img loading=\"lazy\" decoding=\"async\" class=\"size-medium wp-image-851\" src=\"http:\/\/caravaning.si\/freelander\/files\/2010\/10\/dsc01428-600x450.jpg\" alt=\"Ni vse zlato kar se sveti\" width=\"600\" height=\"450\" \/><\/a><p class=\"wp-caption-text\">Ni vse zlato kar se sveti<\/p><\/div>\n<div><span style=\"font-size: small\">\u00a0<\/span><span style=\"font-size: small\"><span style=\"font-family: Verdana\"><span style=\"font-family: Verdana\"><span style=\"font-size: small\">Po verigah je po Firencah zapetih na stotine klju\u010davnic \u00bb\u017eabic\u00ab. Vsaka od njih simbolizira v Firence zaklenjeno ljubezen.<\/span><\/span><\/span><\/span><\/div>\n<p><\/span><span style=\"font-family: Verdana\">\u00a0<\/p>\n<p><\/span><\/span><\/p>\n<p class=\"MsoNormal\" style=\"margin: 0cm 0cm 0pt\">\u00a0<\/p>\n<div><\/div>\n<div><span style=\"font-family: Verdana\"><\/span><\/div>\n<p><span style=\"font-family: Verdana\"><span style=\"font-size: small\"><\/p>\n<div id=\"attachment_854\" class=\"wp-caption alignnone\" style=\"width: 449px\"><a href=\"http:\/\/caravaning.si\/freelander\/files\/2010\/10\/dsc01413.jpg\"><img loading=\"lazy\" decoding=\"async\" class=\"size-medium wp-image-854\" src=\"http:\/\/caravaning.si\/freelander\/files\/2010\/10\/dsc01413-449x600.jpg\" alt=\"Ljubezen na vsakem koraku!!!\" width=\"449\" height=\"600\" \/><\/a><p class=\"wp-caption-text\">Ljubezen na vsakem koraku!!!<\/p><\/div>\n<div><span style=\"font-size: small\">\u00a0<\/span><\/p>\n<div><\/div>\n<p><span style=\"font-size: small\"><span style=\"font-family: Verdana\"><span style=\"font-family: Verdana\"><span style=\"font-size: small\">Nazaj grede se ustavimo na Piazza dela Repubblica, kjer mi v bli\u017enji restavraciji v o\u010di pade \u00bbfiorentina\u00ab. Mama naju s ta malim prepri\u010da, da bo na kme\u010dkem turizmu gotovo bolj\u0161a in naju pelje \u017eejna \u010dez vodo. Sam pri sebi zaklju\u010dim, da ima gotovo prav, vendar\u2026<\/span><\/span><\/span><\/span><\/div>\n<p><\/span><\/span><\/p>\n<p class=\"MsoNormal\" style=\"margin: 0cm 0cm 0pt\"><span style=\"font-family: Verdana\"><span style=\"font-size: small\">Vra\u010damo se do Piazza Duomo in naprej v bli\u017eini stojnic z usnjenimi izdelki zagledamo Cerkve sv. Lorenza. <\/span><\/span><\/p>\n<p class=\"MsoNormal\" style=\"margin: 0cm 0cm 0pt\">\u00a0<\/p>\n<p class=\"MsoNormal\" style=\"margin: 0cm 0cm 0pt\"><span style=\"font-family: Verdana\"><span style=\"font-size: small\">Pe\u0161a\u010denje po Firencah nas je utrudilo, tako, da smo samo \u0161e pogledovali po bli\u017enji okrep\u010devalnici. <\/span><\/span><span style=\"font-family: Verdana\"><span style=\"font-size: small\">Prav gotovo je \u0161tiri ure premalo za ogled Firenc, vendar nas vsi detajli in znamenitosti niti ne zanimajo, gre se bolj za ob\u010dutek kje kaj stoji in kako. Kljub vsemu se \u010dlovek neuk zgodovine vseeno nekaj nau\u010di.<\/span><\/span><\/p>\n<p class=\"MsoNormal\" style=\"margin: 0cm 0cm 0pt\">\u00a0<\/p>\n<p class=\"MsoNormal\" style=\"margin: 0cm 0cm 0pt\"><span style=\"font-family: Verdana\"><span style=\"font-size: small\">\u0160tirica nas ponovno zapelje na PZA, med drugim opazim, da pri rampi nobenega ni, ki bi spu\u0161\u010dal noter zato sem skoraj prepri\u010dan da je F.L.O.G. ob nedeljah za vstop zaprt.<\/span><\/span><\/p>\n<p class=\"MsoNormal\" style=\"margin: 0cm 0cm 0pt\"><span style=\"font-family: Verdana\"><span style=\"font-size: small\">\u00a0<\/span><\/span><\/p>\n<p class=\"MsoNormal\" style=\"margin: 0cm 0cm 0pt\"><span style=\"font-family: Verdana\"><span style=\"font-size: small\">Za izhod iz Firenc se z garminovo Mari\u010dko kar ne moreva zmenit kdo bo komandiral, nakar kon\u010dno najdemo izhod in nekaj cest poznamo skoraj \u017ee na pamet. \u010clovek bi pri\u010dakoval, da se bo v tako veliko mesto pripeljal in odpeljal po \u0161iroki cesti kot gospod pa temu ni ravno tako.<\/span><\/span><\/p>\n<p class=\"MsoNormal\" style=\"margin: 0cm 0cm 0pt\"><span style=\"font-family: Verdana\"><span style=\"font-size: small\">\u00a0<\/span><\/span><\/p>\n<p class=\"MsoNormal\" style=\"margin: 0cm 0cm 0pt\"><span style=\"font-family: Verdana\"><span style=\"font-size: small\">Kakor koli po zmahani \u0161tiripasovnici se peljemo v San Gimignano, ko ga v daljavi tudi zagledamo. Prakti\u010dno ga je nemogo\u010de zgre\u0161iti saj so famozni stolpi vidni dale\u010d naokoli. Po poti se za\u010dne tudi tista prava Toskana, taka kot sem jo imel v mislih z urejenimi vinogradi, olj\u010dnimi nasadi in cipresami sem ter tja. <\/span><\/span><\/p>\n<p class=\"MsoNormal\" style=\"margin: 0cm 0cm 0pt\">\u00a0<\/p>\n<div><\/div>\n<div><span style=\"font-family: Verdana\"><\/span><\/div>\n<p><span style=\"font-family: Verdana\"><span style=\"font-size: small\"><\/p>\n<div id=\"attachment_855\" class=\"wp-caption alignnone\" style=\"width: 600px\"><a href=\"http:\/\/caravaning.si\/freelander\/files\/2010\/10\/dsc01449.jpg\"><img loading=\"lazy\" decoding=\"async\" class=\"size-medium wp-image-855\" src=\"http:\/\/caravaning.si\/freelander\/files\/2010\/10\/dsc01449-600x450.jpg\" alt=\"Panorama...\" width=\"600\" height=\"450\" \/><\/a><p class=\"wp-caption-text\">Panorama...<\/p><\/div>\n<p><span style=\"font-size: small\"><\/p>\n<div><span style=\"font-family: Verdana\"><span style=\"font-family: Verdana\"><span style=\"font-size: small\">Oboro\u017een s koordinatami se zapodim v breg, kjer me takoj na prvem kro\u017ei\u0161\u010du ustavi Giovani, ki mi za PZA v roke \u00bbuturi\u00ab zelen \u00bbpildek\u00ab. \u00bbVieni vieni\u00ab in \u017ee zapeljem za njim,\u00a0mama me pa \u00bbpegla\u00ab kam rinem. Kaj kmalu\u00a0pridemo v par kilometrov oddaljen PZA kjer za 22 eur\/24h nudijo vse kar mi trenutno NE potrebujemo. \u010ceprav imajo tudi avtobusni prevoz do San Gimignana, ki vozi vsako uro, jaz\u00a0raje zapeljem nazaj v breg. PZA <strong>(43.455723, 11.034833)<\/strong> <\/span><\/span><span style=\"font-family: Verdana\"><span style=\"font-size: small\">v dolini mi nekako ni v\u0161e\u010d, saj \u0161e pri\u0161li nismo pa bi me en \u017ee rad nekam zaklenil.<\/span><\/span><\/span><\/div>\n<p><\/span><\/span><span style=\"font-family: Verdana\">\u00a0<\/p>\n<p><\/span><\/span><\/p>\n<p class=\"MsoNormal\" style=\"margin: 0cm 0cm 0pt\"><span style=\"font-family: Verdana\"><span style=\"font-size: small\">\u00a0<\/span><\/span><\/p>\n<p class=\"MsoNormal\" style=\"margin: 0cm 0cm 0pt\"><span style=\"font-family: Verdana\"><span style=\"font-size: small\">Gremo v mesto, vas, trdnjavo karkoli \u017ee je! Stolpi so res krasni in vzdu\u0161je na ulicah je prijetno. Za razliko od Firenc je tukaj v zraku \u010dutiti vonjave iz bli\u017enjih lokalov. Med\u00a0kamnito zidanimi zgradbami hodimo od trga do trga in u\u017eivamo. Detajlov se ne manjka in pogled na okoli\u0161ke kraje je \u010dudovit. Imam ob\u010dutek, da se je tam \u010das ustavil. Na osrednjem trgu Piazza della Cisterna si privo\u0161\u010dimo &#8220;gellato&#8221;. Ta mali se v mestu raz\u017eivi in vse ulice so njegove. <\/span><\/span><\/p>\n<p class=\"MsoNormal\" style=\"margin: 0cm 0cm 0pt\">\u00a0<\/p>\n<div><\/div>\n<div><span style=\"font-family: Verdana\"><\/span><\/div>\n<p><span style=\"font-family: Verdana\"><span style=\"font-size: small\"><\/p>\n<div id=\"attachment_856\" class=\"wp-caption alignnone\" style=\"width: 600px\"><a href=\"http:\/\/caravaning.si\/freelander\/files\/2010\/10\/dsc01460.jpg\"><img loading=\"lazy\" decoding=\"async\" class=\"size-medium wp-image-856\" src=\"http:\/\/caravaning.si\/freelander\/files\/2010\/10\/dsc01460-600x450.jpg\" alt=\"in kon\u010dno San Gimignano\" width=\"600\" height=\"450\" \/><\/a><p class=\"wp-caption-text\">in kon\u010dno San Gimignano<\/p><\/div>\n<p>\u00a0<\/p>\n<div><\/div>\n<div><span style=\"font-family: Verdana\"><\/span><\/div>\n<p><\/span><\/span><span style=\"font-family: Verdana\"><span style=\"font-size: small\"><\/p>\n<div id=\"attachment_857\" class=\"wp-caption alignnone\" style=\"width: 600px\"><a href=\"http:\/\/caravaning.si\/freelander\/files\/2010\/10\/dsc01478.jpg\"><img loading=\"lazy\" decoding=\"async\" class=\"size-medium wp-image-857\" src=\"http:\/\/caravaning.si\/freelander\/files\/2010\/10\/dsc01478-600x450.jpg\" alt=\"\u0161e enkrat iz zraka\" width=\"600\" height=\"450\" \/><\/a><p class=\"wp-caption-text\">\u0161e enkrat iz zraka<\/p><\/div>\n<p>\u00a0<\/p>\n<p><\/span><\/span><\/p>\n<div><\/div>\n<div><span style=\"font-family: Verdana\"><\/span><\/div>\n<p><span style=\"font-family: Verdana\"><span style=\"font-size: small\"><\/p>\n<div id=\"attachment_858\" class=\"wp-caption alignnone\" style=\"width: 449px\"><a href=\"http:\/\/caravaning.si\/freelander\/files\/2010\/10\/dsc01467.jpg\"><img loading=\"lazy\" decoding=\"async\" class=\"size-medium wp-image-858\" src=\"http:\/\/caravaning.si\/freelander\/files\/2010\/10\/dsc01467-449x600.jpg\" alt=\"Dobrote\" width=\"449\" height=\"600\" \/><\/a><p class=\"wp-caption-text\">Dobrote<\/p><\/div>\n<p>\u00a0<\/p>\n<div><\/div>\n<div><span style=\"font-family: Verdana\"><\/span><\/div>\n<p><\/span><\/span><span style=\"font-family: Verdana\"><span style=\"font-size: small\"><\/p>\n<div id=\"attachment_859\" class=\"wp-caption alignnone\" style=\"width: 450px\"><a href=\"http:\/\/caravaning.si\/freelander\/files\/2010\/10\/dsc01495.jpg\"><img loading=\"lazy\" decoding=\"async\" class=\"size-medium wp-image-859\" src=\"http:\/\/caravaning.si\/freelander\/files\/2010\/10\/dsc01495-450x600.jpg\" alt=\"Dobrote drugi\u010d\" width=\"450\" height=\"600\" \/><\/a><p class=\"wp-caption-text\">Dobrote drugi\u010d<\/p><\/div>\n<div><span style=\"font-size: small\">\u00a0<\/span><\/p>\n<div><\/div>\n<p><span style=\"font-size: small\"><span style=\"font-family: Verdana\"><span style=\"font-family: Verdana\"><span style=\"font-size: small\">Tudi lepega je enkrat konec in utrujeni se vrnemo v kamper, ki nas v dru\u017ebi \u0161e parih \u010daka na parkiri\u0161\u010du. Po ve\u010derji se spokamo na ob\u010dinski PZA <strong>(43.45205 11.05586)<\/strong>, tak na listke. <\/span><\/span><\/span><font face=\"Verdana\"><\/font><font size=\"3\"><\/font><font size=\"3\">\u00a0<\/p>\n<p><\/font><\/span><\/div>\n<p><font face=\"Verdana\"><\/font><font size=\"3\">\u00a0<\/p>\n<p><\/font><\/span><font face=\"Verdana\">\u00a0<\/p>\n<p><\/font><\/span><span style=\"font-family: Verdana\"><span style=\"font-size: small\">In kdo nas po poti lovi? Giovani! Spet me ustavi in te\u017ei Buona sera bla, bla, bla, PZA za 22 eur\u2026 Pa ga ne \u00bb\u0161ljivim 5 posto\u00ab zato iz avtomata vzamem listek in zapeljem pod rampo na parking. Zakaj je bil Giovani tako te\u010den mi je zjutraj ob pla\u010dilu parkirnine takoj jasno. \u010ceprav je tarifa 1 eur\/h, za preno\u010ditev pla\u010damo 4 eur od 20ih do 8ih zjutraj, saj je od 23ih-8ih parkiranje zastonj in so rampe dvignjene. Lump tale Giovani, kamperje v trenutku nazumira kot kak\u0161en terminator in jih na vse vi\u017ee in kri\u017ee ho\u010de pritegniti na svoj parking.<\/span><\/span><\/p>\n<p class=\"MsoNormal\" style=\"margin: 0cm 0cm 0pt\"><span style=\"font-family: Verdana\"><span style=\"font-size: small\">\u00a0<\/span><\/span><\/p>\n<p class=\"MsoNormal\" style=\"margin: 0cm 0cm 0pt\"><span style=\"font-family: Verdana\"><span style=\"font-size: small\">Zjutraj vstanemo v de\u017eevno jutro, bliska, grmi in odzunaj je prava ujma. Pa se ne damo motiti in veselo hitimo proti Volterri. Volterra je znana po alabastru, tako je videti tudi v izlo\u017ebah ostalo pa me ni impresioniralo preve\u010d. Ali je bila kriva rana ura ali de\u017eevna pa je tako nepotrebno razglabljati. Zaklju\u010dim, da bi Volterro lahko tudi izpustili.<\/span><\/span><\/p>\n<p class=\"MsoNormal\" style=\"margin: 0cm 0cm 0pt\">\u00a0<\/p>\n<div><\/div>\n<div><span style=\"font-family: Verdana\"><\/span><\/div>\n<p><span style=\"font-family: Verdana\"><span style=\"font-size: small\"><\/p>\n<div id=\"attachment_860\" class=\"wp-caption alignnone\" style=\"width: 449px\"><a href=\"http:\/\/caravaning.si\/freelander\/files\/2010\/10\/dsc01519.jpg\"><img loading=\"lazy\" decoding=\"async\" class=\"size-medium wp-image-860\" src=\"http:\/\/caravaning.si\/freelander\/files\/2010\/10\/dsc01519-449x600.jpg\" alt=\"Starinarnica\" width=\"449\" height=\"600\" \/><\/a><p class=\"wp-caption-text\">Starinarnica<\/p><\/div>\n<p>\u00a0<\/p>\n<div><\/div>\n<div><span style=\"font-family: Verdana\"><\/span><\/div>\n<p><\/span><\/span><span style=\"font-family: Verdana\"><span style=\"font-size: small\"><\/p>\n<div id=\"attachment_861\" class=\"wp-caption alignnone\" style=\"width: 449px\"><a href=\"http:\/\/caravaning.si\/freelander\/files\/2010\/10\/dsc01520.jpg\"><img loading=\"lazy\" decoding=\"async\" class=\"size-medium wp-image-861\" src=\"http:\/\/caravaning.si\/freelander\/files\/2010\/10\/dsc01520-449x600.jpg\" alt=\"Muzej xy\" width=\"449\" height=\"600\" \/><\/a><p class=\"wp-caption-text\">Muzej xy<\/p><\/div>\n<p>\u00a0<\/p>\n<p><\/span><\/span><\/p>\n<div><\/div>\n<div><span style=\"font-family: Verdana\"><\/span><\/div>\n<p><span style=\"font-family: Verdana\"><span style=\"font-size: small\"><\/p>\n<div id=\"attachment_862\" class=\"wp-caption alignnone\" style=\"width: 449px\"><a href=\"http:\/\/caravaning.si\/freelander\/files\/2010\/10\/dsc01530.jpg\"><img loading=\"lazy\" decoding=\"async\" class=\"size-medium wp-image-862\" src=\"http:\/\/caravaning.si\/freelander\/files\/2010\/10\/dsc01530-449x600.jpg\" alt=\"Oporniki\" width=\"449\" height=\"600\" \/><\/a><p class=\"wp-caption-text\">Oporniki<\/p><\/div>\n<p>\u00a0<span style=\"font-size: small\"><span style=\"font-family: Verdana\"><span style=\"font-family: Verdana\"><span style=\"font-size: small\">Torej obljubljen imam kme\u010dki turizem in ob poti me pritegne vsaka tabla. Vendar kljub temu, da je povsod tabla APERTO (odprto)\u00a0ugotovimo, da je povsod vse \u00bbzaperto\u00ab. V obcestni trafiki mi potrdijo, da so v tem \u00bb\u0161tajonu\u00ab agriturizmi zaprti. Matr spet \u017eejni \u010dez vodo, do restavracije kjer pojemo turisti\u010dni meni. <\/span><\/span><\/span><\/p>\n<div><span style=\"font-family: Verdana\"><span style=\"font-family: Verdana\"><span style=\"font-size: small\">Joj, joj joj! Kaj pa tiste fine salamce, sir\u010dki, olive, pomidorji, tartufi in nenazadnje fiorentina? Oooo ta je bila, vendar ne za mene ker 47 eur zanjo ne mislim dati.<\/span><\/span><\/span><\/div>\n<p><font face=\"Verdana\"><\/font><font size=\"3\"><\/font><font size=\"3\">\u00a0\u00a0<\/p>\n<p><\/font><\/span><\/p>\n<p><font face=\"Verdana\"><\/font><font size=\"3\">\u00a0<\/p>\n<p><\/font><\/span><font face=\"Verdana\">\u00a0<\/p>\n<p><\/font><\/span><span style=\"font-family: Verdana\"><span style=\"font-size: small\">Montereggioni je naslednja utrdba <strong>(43.38864, 11.22576)<\/strong>, kjer se \u017eelimo ustaviti. Ob cesti je kar nekaj znakov, ki nakazujejo, da se peljemo v pravo smer. Montereggioni je res zanimiv z osrednjim trgom in v celoti ohranjenim obzidjem ter izvidni\u0161kimi stolpi. Ljudi je ravno za vzorec, med drugim Ameri\u010dani, ki jih \u017ee tretji\u010d sre\u010damo. Na stenski tabli preberem kako je bilo tam neko\u010d in danes. Kjer je gostilna je bila neko\u010d \u0161tala itd. Tudi vreme se je naredilo zato na Piazza Roma lahko posedamo po klopeh in lovimo son\u010dne \u017earke.<\/span><\/span><\/p>\n<p>\u00a0<\/p>\n<div><\/div>\n<div><span style=\"font-family: Verdana\"><\/span><\/div>\n<p><span style=\"font-family: Verdana\"><span style=\"font-size: small\"><\/p>\n<div id=\"attachment_863\" class=\"wp-caption alignnone\" style=\"width: 600px\"><a href=\"http:\/\/caravaning.si\/freelander\/files\/2010\/10\/dsc01546.jpg\"><img loading=\"lazy\" decoding=\"async\" class=\"size-medium wp-image-863\" src=\"http:\/\/caravaning.si\/freelander\/files\/2010\/10\/dsc01546-600x450.jpg\" alt=\"Piazza Roma\" width=\"600\" height=\"450\" \/><\/a><p class=\"wp-caption-text\">Piazza Roma<\/p><\/div>\n<div><span style=\"font-size: small\">\u00a0<\/span><span style=\"font-size: small\"><span style=\"font-family: Verdana\"><span style=\"font-family: Verdana\"><span style=\"font-size: small\">Kljub vsemu se odlo\u010dimo, da gremo naprej do Siene. Ah, sam pri sebi sem bil \u017ee sit teh kamnitih znamenitosti, pa vendar tukaj sem sedaj in mogo\u010de nikoli ve\u010d, zatorej Siena. Malo me je strah teh ozkih Italijanskih ulic saj je nasproti voze\u010dim vozilom malo mar za na\u0161o velikost. Tudi garminova karta ni do metra natan\u010dna zato moram kar paziti, da ga v kri\u017ei\u0161\u010dih ne &#8220;kiksnem&#8221;. Mari\u010dka nas lepo vodi do parkiri\u0161\u010da <strong>(43.32269, 11.31723)<\/strong> kjer je od 9:00 do 19:00 dovoljeno zastonj parkiranje tudi avtodomom. Vendar je to nekje v dolini in sam pri sebi sem prepri\u010dan, da bomo morali to pla\u010dati. In res smo, \u010deprav ima nekdo v potopisu zapisano da je parking 10 min od centra se izka\u017ee, da je debele pol ure. Pa to ni ni\u010d takega, \u010de nebi bilo vmes kar nekaj stopnic, pa \u0161e cel dan pe\u0161a\u010denja za nami. <\/span><\/span><\/span><font face=\"Verdana\"><\/font><font size=\"3\"><\/font><font size=\"3\"><\/p>\n<div><span style=\"font-family: Verdana\">\u00a0<\/span>\u00a0<\/div>\n<p><\/font><\/span><\/div>\n<p><font face=\"Verdana\"><\/font><font size=\"3\"><\/font><\/span><font face=\"Verdana\"><\/font><\/span><\/p>\n<div><span style=\"font-family: Verdana\"><span style=\"font-size: small\">No malce utrujeni vseeno kon\u010dno pridemo do centra mesta na Piazza del Campo. To je tisti trg kjer se odvija vsakoletna konjska dirka, pa tudi tisti kjer se ob robu bohoti 102m visok zvonik. \u0160e posebej zanimiv mi je bil trg tudi zato ker ves visi tako, da se de\u017eevnica vsa zbira na eni to\u010dki. Kar predstavljam si snovalce kako so trg projektirali.<\/span><\/span><\/div>\n<p class=\"MsoNormal\" style=\"margin: 0cm 0cm 0pt\">\u00a0<\/p>\n<div><\/div>\n<div><span style=\"font-family: Verdana\"><\/span><\/div>\n<p><span style=\"font-family: Verdana\"><span style=\"font-size: small\"><\/p>\n<div id=\"attachment_864\" class=\"wp-caption alignnone\" style=\"width: 600px\"><a href=\"http:\/\/caravaning.si\/freelander\/files\/2010\/10\/dsc01600.jpg\"><img loading=\"lazy\" decoding=\"async\" class=\"size-medium wp-image-864\" src=\"http:\/\/caravaning.si\/freelander\/files\/2010\/10\/dsc01600-600x450.jpg\" alt=\"Piazza del Campo\" width=\"600\" height=\"450\" \/><\/a><p class=\"wp-caption-text\">Piazza del Campo<\/p><\/div>\n<p>\u00a0<span style=\"font-size: small\"><span style=\"font-family: Verdana\"><span style=\"font-family: Verdana\"><span style=\"font-size: small\">Vsekakor je trg velik in razposajeni otroci si na tlakovanih tleh dajo du\u0161ka. Mi pa gremo naprej do katedrale. Katedrala je ogromna in je triladijska (mislim). Vstop za ogled zna\u0161a 6 eur. In \u010de sem od zunaj razmi\u0161ljal, da so bili graditelji utrgani sem v notranjosti dobil potrdilo, da so bili&#8230; Pa ne zato ker bi bilo kaj narobe ampak ker je vse izredno lepo izrezljano, izklesano, skladno, perfektno, da si \u010dlovek sploh ne more predstavljati koliko \u010dasa in energije so potrebovali za to, da jim je kaj takega sploh uspelo narediti. <\/span><\/span><\/span><\/span><\/p>\n<p><\/span><span style=\"font-family: Verdana\">\u00a0<\/p>\n<p><\/span><\/span><\/p>\n<p class=\"MsoNormal\" style=\"margin: 0cm 0cm 0pt\">\u00a0<\/p>\n<div><\/div>\n<div><span style=\"font-family: Verdana\"><\/span><\/div>\n<p><span style=\"font-family: Verdana\"><span style=\"font-size: small\"><\/p>\n<div id=\"attachment_865\" class=\"wp-caption alignnone\" style=\"width: 600px\"><a href=\"http:\/\/caravaning.si\/freelander\/files\/2010\/10\/dsc01601.jpg\"><img loading=\"lazy\" decoding=\"async\" class=\"size-medium wp-image-865\" src=\"http:\/\/caravaning.si\/freelander\/files\/2010\/10\/dsc01601-600x450.jpg\" alt=\"Katedrala\" width=\"600\" height=\"450\" \/><\/a><p class=\"wp-caption-text\">Katedrala<\/p><\/div>\n<p>\u00a0<\/p>\n<p><\/span><\/span><\/p>\n<div><\/div>\n<div><span style=\"font-family: Verdana\"><\/span><\/div>\n<p><span style=\"font-family: Verdana\"><span style=\"font-size: small\"><\/p>\n<div id=\"attachment_866\" class=\"wp-caption alignnone\" style=\"width: 600px\"><a href=\"http:\/\/caravaning.si\/freelander\/files\/2010\/10\/dsc01579.jpg\"><img loading=\"lazy\" decoding=\"async\" class=\"size-medium wp-image-866\" src=\"http:\/\/caravaning.si\/freelander\/files\/2010\/10\/dsc01579-600x450.jpg\" alt=\"in \u0161e od blizu\" width=\"600\" height=\"450\" \/><\/a><p class=\"wp-caption-text\">in \u0161e od blizu<\/p><\/div>\n<p>\u00a0<\/p>\n<p><\/span><\/span><\/p>\n<div><\/div>\n<div><span style=\"font-family: Verdana\"><\/span><\/div>\n<p><span style=\"font-family: Verdana\"><span style=\"font-size: small\"><\/p>\n<div id=\"attachment_867\" class=\"wp-caption alignnone\" style=\"width: 449px\"><a href=\"http:\/\/caravaning.si\/freelander\/files\/2010\/10\/dsc01590.jpg\"><img loading=\"lazy\" decoding=\"async\" class=\"size-medium wp-image-867\" src=\"http:\/\/caravaning.si\/freelander\/files\/2010\/10\/dsc01590-449x600.jpg\" alt=\"freske v Libreriji\" width=\"449\" height=\"600\" \/><\/a><p class=\"wp-caption-text\">freske v Libreriji<\/p><\/div>\n<div><span style=\"font-size: small\">\u00a0<\/span><\/p>\n<div><\/div>\n<p><span style=\"font-size: small\"><span style=\"font-family: Verdana\"><span style=\"font-family: Verdana\"><span style=\"font-size: small\">\u017de po tradiciji pri\u017egemo sve\u010dko in se odpravimo proti avtodomu. \u010ceprav je na parkiri\u0161\u010du \u0161e nekaj avtodomov, za preno\u010devanje raje izberem bli\u017enji PZA, kjer je to dovoljeno <strong>(43.3334, 11.31655) <\/strong>stro\u0161ek 20 eur\/8:00-20:00. Prispemo ravno po 20ih, ko se Luigi \u017ee odpravi domov, zato zastonj prespimo.\u00a0PZA je malce hrupen vendar vseeno dobro spimo. Najverjetneje zaradi utrujenosti in nizkih temperatur.<\/span><\/span><\/span><\/span><\/div>\n<p><\/span><\/span><\/p>\n<p class=\"MsoNormal\" style=\"margin: 0cm 0cm 0pt\"><span style=\"font-family: Verdana\"><span style=\"font-size: small\">\u00a0<\/span><\/span><\/p>\n<p class=\"MsoNormal\" style=\"margin: 0cm 0cm 0pt\"><span style=\"font-family: Verdana\"><span style=\"font-size: small\">Naslednje jutro nas \u010daka samo \u0161e pot domov. Da se ne bi vozili samo po avtocesti si izberem raje vinsko cesto v de\u017eeli Chianti. Pokrajina je na trenutka precej podobna Krasu, opazili pa smo kar nekaj cipresno-brinjevih gozdov. Takih pri nas definitivno ni. Ob cesti za manj i\u0161\u010demo \u00bb\u0161oping center\u00ab, da bi nabavili \u017eive\u017e, zato je sprehod v mesto neizbe\u017een. Italijani po vaseh namre\u010d \u0161e vedno prodajajo tako kot so neko\u010d pri nas v \u0161e ne tako oddaljenih \u010dasih. V eni trgovinici je \u0161pecerija, v drugi mesnica, v tretji sadje in zelenjava\u2026<\/span><\/span><\/p>\n<p class=\"MsoNormal\" style=\"margin: 0cm 0cm 0pt\"><span style=\"font-family: Verdana\"><span style=\"font-size: small\">\u00a0<\/span><\/span><\/p>\n<p class=\"MsoNormal\" style=\"margin: 0cm 0cm 0pt\"><span style=\"font-family: Verdana\"><span style=\"font-size: small\">Ko zapu\u0161\u010damo Toskano nas uspe pozdraviti tudi son\u010dek, kmalu po Firencah pa nas pri\u010daka pravi orkanski veter in de\u017eevje. Tudi promet ni ni\u010d kaj prijazen. Za dolgo\u010dasje s ta malim \u0161tejeva tovornjake in od vzpona pa do ponovne ravnine med Firencami in Bolonijo prehitimo preko 80 tovornjakov in sre\u010damo dobrih 300.<\/span><\/span><\/p>\n<p class=\"MsoNormal\" style=\"margin: 0cm 0cm 0pt\"><span style=\"font-family: Verdana\"><span style=\"font-size: small\">\u00a0<\/span><\/span><\/p>\n<p class=\"MsoNormal\" style=\"margin: 0cm 0cm 0pt\"><span style=\"font-family: Verdana\"><span style=\"font-size: small\">Tale na\u0161 podalj\u0161an vikend v Toskani je bil kar intenziven in Toskana si definitivno zaslu\u017ei ve\u010d \u010dasa za ogled, vendar sem z izletom zadovoljen saj sem videl tisto kar sem hotel. Namre\u010d hotel sem videti tiste, hrib\u010dke in dolince, trte in oljke, ciprese in\u2026<\/span><\/span><\/p>\n<p class=\"MsoNormal\" style=\"margin: 0cm 0cm 0pt\">\u00a0<\/p>\n<p class=\"MsoNormal\" style=\"margin: 0cm 0cm 0pt\">Malce statistike:<\/p>\n<p class=\"MsoNormal\" style=\"margin: 0cm 0cm 0pt\">Prevozimo 1100km<\/p>\n<p class=\"MsoNormal\" style=\"margin: 0cm 0cm 0pt\">Cestnina Monfalcone(Ts)-Firenze 2x 24<\/p>\n<p class=\"MsoNormal\" style=\"margin: 0cm 0cm 0pt\">PZA F.L.O.G. 12 eur\/24, San Gimignano 4 eur<\/p>\n<p class=\"MsoNormal\" style=\"margin: 0cm 0cm 0pt\">Avtobus Firenze 3&#215;2 eur in 3&#215;1,2 eur<\/p>\n<p class=\"MsoNormal\" style=\"margin: 0cm 0cm 0pt\">Katedrala\u00a0v Sieni 2&#215;6 eur\u00a0<\/p>\n<p class=\"MsoNormal\" style=\"margin: 0cm 0cm 0pt\">\u00a0<\/p>\n","protected":false},"excerpt":{"rendered":"<p>Po de\u017eevnem septembru in oktobru se je tudi pri nas nekaj premaknilo in obeta se nam zanimivej\u0161a destinacija na katero sem komaj \u010dakal. \u00a0 \u00a0 Pod ve\u010der se pred nami kon\u010dno zari\u0161e svetlobni odsev Firenc. Ker imam v garminu staro karto zgre\u0161im prvi izvoz in z garminovo Mari\u010dko potrebujeva kar nekaj \u010dasa, da se pripeljeva [&hellip;]<\/p>\n","protected":false},"author":2,"featured_media":0,"comment_status":"closed","ping_status":"closed","sticky":false,"template":"","format":"standard","meta":{"footnotes":""},"categories":[4],"tags":[],"class_list":["post-1125","post","type-post","status-publish","format-standard","hentry","category-izleti"],"_links":{"self":[{"href":"http:\/\/caravaning.si\/freelander\/index.php?rest_route=\/wp\/v2\/posts\/1125","targetHints":{"allow":["GET"]}}],"collection":[{"href":"http:\/\/caravaning.si\/freelander\/index.php?rest_route=\/wp\/v2\/posts"}],"about":[{"href":"http:\/\/caravaning.si\/freelander\/index.php?rest_route=\/wp\/v2\/types\/post"}],"author":[{"embeddable":true,"href":"http:\/\/caravaning.si\/freelander\/index.php?rest_route=\/wp\/v2\/users\/2"}],"replies":[{"embeddable":true,"href":"http:\/\/caravaning.si\/freelander\/index.php?rest_route=%2Fwp%2Fv2%2Fcomments&post=1125"}],"version-history":[{"count":5,"href":"http:\/\/caravaning.si\/freelander\/index.php?rest_route=\/wp\/v2\/posts\/1125\/revisions"}],"predecessor-version":[{"id":1128,"href":"http:\/\/caravaning.si\/freelander\/index.php?rest_route=\/wp\/v2\/posts\/1125\/revisions\/1128"}],"wp:attachment":[{"href":"http:\/\/caravaning.si\/freelander\/index.php?rest_route=%2Fwp%2Fv2%2Fmedia&parent=1125"}],"wp:term":[{"taxonomy":"category","embeddable":true,"href":"http:\/\/caravaning.si\/freelander\/index.php?rest_route=%2Fwp%2Fv2%2Fcategories&post=1125"},{"taxonomy":"post_tag","embeddable":true,"href":"http:\/\/caravaning.si\/freelander\/index.php?rest_route=%2Fwp%2Fv2%2Ftags&post=1125"}],"curies":[{"name":"wp","href":"https:\/\/api.w.org\/{rel}","templated":true}]}}