{"id":1030,"date":"2011-02-27T22:41:13","date_gmt":"2011-02-27T21:41:13","guid":{"rendered":"http:\/\/caravaning.si\/freelander\/?p=1030"},"modified":"2013-11-13T13:38:15","modified_gmt":"2013-11-13T12:38:15","slug":"lepo-vreme-wanted","status":"publish","type":"post","link":"http:\/\/caravaning.si\/freelander\/?p=1030","title":{"rendered":"Son\u010dno vreme, WANTED"},"content":{"rendered":"<p>\u00a0<\/p>\n<p class=\"MsoNormal\" style=\"margin: 0cm 0cm 0pt\"><span style=\"font-size: small\"><span style=\"font-family: Verdana\">Januar je bil v znamenju morja, februar gripe, kaj bo marec prinesel bomo \u0161e videli ampak \u017ee sedaj vem, da same lepe re\u010di.<\/span><\/span><\/p>\n<p class=\"MsoNormal\" style=\"margin: 0cm 0cm 0pt\"><span style=\"font-family: Verdana\"><span style=\"font-size: small\">\u00a0<\/span><\/span><\/p>\n<p class=\"MsoNormal\" style=\"margin: 0cm 0cm 0pt\"><span style=\"font-family: Verdana\"><span style=\"font-size: small\">Ko se stvari kon\u010dno uredijo in postavijo na pravo mesto je \u010das, da gremo spet na smu\u010danje. Destinacij je na razpolago kolikor ho\u010de\u0161 in samo izbrati je treba. \u0160e najbolj\u0161a se mi je zdela trilogija Ka\u010dberk, OT in Flahau.<\/span><\/span><\/p>\n<p class=\"MsoNormal\" style=\"margin: 0cm 0cm 0pt\"><span style=\"font-family: Verdana\"><span style=\"font-size: small\">\u00a0<\/span><\/span><\/p>\n<p class=\"MsoNormal\" style=\"margin: 0cm 0cm 0pt\"><span style=\"font-family: Verdana\"><span style=\"font-size: small\">V ve\u010dernih urah se znajdemo na parkiri\u0161\u010du <strong>( 47.06075, 13.61511 )<\/strong> in malce pred parkingom nas izza vetrobranskega stekla\u00a0pogleda \u00bb\u017eandarmeri\u00ab. Sam pri sebi \u017ee cvikam, da bo kaj te\u017eil. Pa ni! V bli\u017eini je parkiranih \u0161e par na\u0161ih AD.<\/span><\/span><\/p>\n<p class=\"MsoNormal\" style=\"margin: 0cm 0cm 0pt\"><span style=\"font-family: Verdana\"><span style=\"font-size: small\">\u00a0<\/span><\/span><\/p>\n<p class=\"MsoNormal\" style=\"margin: 0cm 0cm 0pt\"><span style=\"font-family: Verdana\"><span style=\"font-size: small\">Zjutraj napademo Ka\u010dberk, najprej z ene strani potem pa \u0161e z druge. Desna stran v smeri Aineck-a nam je tudi bolj v\u0161e\u010d in \u0161est kilometrska avtocesta v dolino je nekaj o \u010demer pri nas lahko samo sanjamo. Po poti nekje na enem kri\u017ei\u0161\u010du s ta malim izgubiva mamo. En cajt pisano gledava kje je, nato pa se spustiva v prvo brunarico. Kaj\u00a0mi bo tehnologija, \u010de jo pustim v avtu in s tem mislim na mobitel. Matr sem bil jezen!<\/span><\/span><\/p>\n<p class=\"MsoNormal\" style=\"margin: 0cm 0cm 0pt\"><span style=\"font-size: small\"><span style=\"font-family: Verdana\">Ta mali zaslu\u017eeno dobi pomfri, js pa i\u0161\u010dem, kam se je na\u0161a ugreznila. Kmalu se tudi najdeva. Hm, usoda pa taka\u00a0\ud83d\ude42<\/span><span style=\"font-family: Verdana\"> namre\u010d ni prvi\u010d, da sem jo izgubil in malo se moram zamisliti saj to postaja \u017ee tradicija. <\/span><\/span><\/p>\n<p class=\"MsoNormal\" style=\"margin: 0cm 0cm 0pt\"><span style=\"font-size: small\"><span style=\"font-family: Verdana\">Pravi tudi, da je njeno koleno \u00bbfinito\u00ab, zato sva ji s ta malim tudi u\u0161la \ud83d\ude41 <\/span><\/span><span style=\"font-family: Verdana\"><span style=\"font-size: small\">Torej adijo trilogija pomislim\u2026<\/span><\/span><\/p>\n<p class=\"MsoNormal\" style=\"margin: 0cm 0cm 0pt\"><span style=\"font-family: Verdana\"><span style=\"font-size: small\">\u00a0<\/span><\/span><\/p>\n<p class=\"MsoNormal\" style=\"margin: 0cm 0cm 0pt\"><span style=\"font-family: Verdana\"><span style=\"font-size: small\">Za plan B sem imel v rokavu nekaj bli\u017enjih toplic in zjutraj se zaradi poslab\u0161anja vremena ter \u017eeninega kolena raje odpeljemo v Flahau, prav za prav v Altenmarkt. Po priporo\u010dilu frenda smo se odpravili v Terme Amade. <a href=\"http:\/\/www.thermeamade.at\/\">http:\/\/www.thermeamade.at\/<\/a>\u00a0<strong>( 47.380626, 13.408341 )<\/strong><\/span><\/span><\/p>\n<p class=\"MsoNormal\" style=\"margin: 0cm 0cm 0pt\"><strong><\/strong><\/p>\n<p class=\"MsoNormal\" style=\"margin: 0cm 0cm 0pt\"><span style=\"font-family: Verdana;font-size: small\">Terme so po mojih informacijah nove in odprte \u0161ele od leta 2010.<\/span><\/p>\n<p class=\"MsoNormal\" style=\"margin: 0cm 0cm 0pt\"><span style=\"font-family: Verdana\"><span style=\"font-size: small\">Kupimo celodnevno dru\u017einsko karto, ki nas olaj\u0161a za 46 eur. Vstopnica vklju\u010duje bazen in savno. <\/span><\/span><\/p>\n<div><\/div>\n<p><span style=\"font-family: Verdana;font-size: small\"><\/p>\n<div id=\"attachment_1051\" class=\"wp-caption alignnone\" style=\"width: 600px\"><a href=\"http:\/\/caravaning.si\/freelander\/files\/2011\/02\/165025_487629069451_289109294451_5579580_6810691_n1.jpg\"><\/a><a href=\"http:\/\/caravaning.si\/freelander\/files\/2011\/02\/165025_487629069451_289109294451_5579580_6810691_n1.jpg\"><img loading=\"lazy\" decoding=\"async\" class=\"size-medium wp-image-1051\" src=\"http:\/\/caravaning.si\/freelander\/files\/2011\/02\/165025_487629069451_289109294451_5579580_6810691_n1-600x450.jpg\" alt=\"Terme Amade\" width=\"600\" height=\"450\" \/><\/a>\u00a0<p class=\"wp-caption-text\">Terme Amade<\/p><\/div>\n<div><span style=\"font-family: Verdana;font-size: small\">\u00a0<\/span><\/div>\n<p><span style=\"font-family: Verdana;font-size: small\"><span style=\"font-family: Verdana\"><span style=\"font-size: small\">Terme so kar simpati\u010dne, imajo 4 bazene (2 notranja in 2 zunanja) nekaj wirpolov, pet Finskih savn od 60-100 stopinj ter eno Tur\u0161ko. Za otroke pa dva tobogana, eden med njima je aqualoop za tiste z bolj mo\u010dnimi \u017eivci, tukaj mislim prevsem na star\u0161e.<\/span><\/span><\/p>\n<p><\/span><\/span><\/p>\n<p class=\"MsoNormal\" style=\"margin: 0cm 0cm 0pt\">\u00a0<\/p>\n<p class=\"MsoNormal\" style=\"margin: 0cm 0cm 0pt\"><span style=\"font-family: Verdana\"><span style=\"font-size: small\">\u010ceprav terme pomenijo toplice, so tele po vodi sode\u010d bolj ledenice, po \u0161tevilu ljudi pa gu\u017evice. Ker so terme sorazmerno majhne bi za moj ob\u010dutek lastniki lahko omejili vstop prevelikemu \u0161tevilu ljudi. <\/span><\/span><\/p>\n<p class=\"MsoNormal\" style=\"margin: 0cm 0cm 0pt\"><span style=\"font-family: Verdana\"><span style=\"font-size: small\">Edino savne so bile svetla to\u010dka saj so bile skoraj prazne. To pa zato ker zgleda, da \u00bbhozentregerji\u00ab obo\u017eujejo skupne terapije in\u00a0programe, ki se v savnah izvajajo. Res mora bit fajn, ko se 30 \u00bbpre\u0161vicanih\u00ab ljudi naba\u0161e v eno sobico. Mi se nad tem niti ne prito\u017eujemo saj imamo zato ostale savne prakti\u010dno za nas. <\/span><\/span><\/p>\n<p>\u00a0<\/p>\n<div><\/div>\n<div><span style=\"font-family: Verdana\"><\/span><\/div>\n<p><span style=\"font-family: Verdana\"><span style=\"font-size: small\"><\/p>\n<div id=\"attachment_1031\" class=\"wp-caption alignnone\" style=\"width: 600px\"><a href=\"http:\/\/caravaning.si\/freelander\/files\/2011\/02\/pat.jpg\"><img loading=\"lazy\" decoding=\"async\" class=\"size-medium wp-image-1031\" src=\"http:\/\/caravaning.si\/freelander\/files\/2011\/02\/pat-600x450.jpg\" alt=\"Flachau parking\" width=\"600\" height=\"450\" \/><\/a><p class=\"wp-caption-text\">Flachau parking<\/p><\/div>\n<div><span style=\"font-size: small\">\u00a0<\/p>\n<p><\/span><\/div>\n<p><span style=\"font-size: small\"><span style=\"font-size: small\"><\/span><\/span><\/p>\n<p><\/span><\/p>\n<div><span style=\"font-family: Verdana\"><span style=\"font-family: Verdana\"><span style=\"font-size: small\">V ve\u010dernih urah se odpravimo na parkiri\u0161\u010de pod sede\u017enico v Flahau <\/span><\/span><span style=\"font-size: small\"><strong><span style=\"font-family: Verdana\">( <\/span><\/strong><strong><span style=\"font-family: Verdana\">47.353861, 13.385717 )<\/span><\/strong><span style=\"font-family: Verdana\">. Veliko \u0161tevilo tabel za prepovedano parkiranje od 20:00 do 7:00 nas prakti\u010dno &#8220;zapodi&#8221; na edini parking v ozadju kjer je parkiranih \u0161e cel kup ostalih vozil, predvsem tujih registracij. Prepri\u010dan sem, da tam ne bo te\u017eav. <\/span><\/span><\/span><\/div>\n<div><span style=\"font-family: Verdana\">\u00a0<\/span><\/div>\n<p><span style=\"font-family: Verdana\"><span style=\"font-size: small\"><span style=\"font-family: Verdana\">Po mirni no\u010di se zbudimo v sne\u017eeno in megleno jutro\u2026 \u017ee spet \ud83d\ude41<\/span><span style=\"font-family: Verdana\">. Zato se odlo\u010dimo, da gremo kar na son\u010dno stran Alp poiskati kar nam je vseskozi \u00bbfalilo\u00ab. <\/span><\/span><\/p>\n<p><\/span><\/span><\/p>\n<div>\n<p class=\"MsoNormal\" style=\"margin: 0cm 0cm 0pt\"><span style=\"font-size: small\"><span style=\"font-family: Verdana\">Son\u010dno\u00a0vreme, WANTED!<\/span><\/span><\/p>\n<p class=\"MsoNormal\" style=\"margin: 0cm 0cm 0pt\">\u00a0<\/p>\n<p class=\"MsoNormal\" style=\"margin: 0cm 0cm 0pt\">\u00a0<\/p>\n<p class=\"MsoNormal\" style=\"margin: 0cm 0cm 0pt\">\u00a0<\/p>\n<\/div>\n","protected":false},"excerpt":{"rendered":"<p>\u00a0 Januar je bil v znamenju morja, februar gripe, kaj bo marec prinesel bomo \u0161e videli ampak \u017ee sedaj vem, da same lepe re\u010di. \u00a0 Ko se stvari kon\u010dno uredijo in postavijo na pravo mesto je \u010das, da gremo spet na smu\u010danje. Destinacij je na razpolago kolikor ho\u010de\u0161 in samo izbrati je treba. \u0160e najbolj\u0161a [&hellip;]<\/p>\n","protected":false},"author":2,"featured_media":0,"comment_status":"closed","ping_status":"closed","sticky":false,"template":"","format":"standard","meta":{"footnotes":""},"categories":[5],"tags":[],"class_list":["post-1030","post","type-post","status-publish","format-standard","hentry","category-kampi"],"_links":{"self":[{"href":"http:\/\/caravaning.si\/freelander\/index.php?rest_route=\/wp\/v2\/posts\/1030","targetHints":{"allow":["GET"]}}],"collection":[{"href":"http:\/\/caravaning.si\/freelander\/index.php?rest_route=\/wp\/v2\/posts"}],"about":[{"href":"http:\/\/caravaning.si\/freelander\/index.php?rest_route=\/wp\/v2\/types\/post"}],"author":[{"embeddable":true,"href":"http:\/\/caravaning.si\/freelander\/index.php?rest_route=\/wp\/v2\/users\/2"}],"replies":[{"embeddable":true,"href":"http:\/\/caravaning.si\/freelander\/index.php?rest_route=%2Fwp%2Fv2%2Fcomments&post=1030"}],"version-history":[{"count":16,"href":"http:\/\/caravaning.si\/freelander\/index.php?rest_route=\/wp\/v2\/posts\/1030\/revisions"}],"predecessor-version":[{"id":1615,"href":"http:\/\/caravaning.si\/freelander\/index.php?rest_route=\/wp\/v2\/posts\/1030\/revisions\/1615"}],"wp:attachment":[{"href":"http:\/\/caravaning.si\/freelander\/index.php?rest_route=%2Fwp%2Fv2%2Fmedia&parent=1030"}],"wp:term":[{"taxonomy":"category","embeddable":true,"href":"http:\/\/caravaning.si\/freelander\/index.php?rest_route=%2Fwp%2Fv2%2Fcategories&post=1030"},{"taxonomy":"post_tag","embeddable":true,"href":"http:\/\/caravaning.si\/freelander\/index.php?rest_route=%2Fwp%2Fv2%2Ftags&post=1030"}],"curies":[{"name":"wp","href":"https:\/\/api.w.org\/{rel}","templated":true}]}}